{"id":16006,"date":"2025-06-04T17:10:51","date_gmt":"2025-06-04T17:10:51","guid":{"rendered":"https:\/\/cms.icacordoba.23sd.es\/index.php\/16006\/"},"modified":"2025-06-04T17:15:09","modified_gmt":"2025-06-04T17:15:09","slug":"noticia-conferencia-los-informes-de-los-equipos-psicosociales","status":"publish","type":"post","link":"https:\/\/cms.icacordoba.23sd.es\/index.php\/16006\/","title":{"rendered":"NOTICIA \u00bb CONFERENCIA: Los informes de los equipos psicosociales"},"content":{"rendered":"\t\t<div data-elementor-type=\"wp-post\" data-elementor-id=\"16006\" class=\"elementor elementor-16006\" data-elementor-post-type=\"post\">\n\t\t\t\t\t\t<section class=\"elementor-section elementor-top-section elementor-element elementor-element-e5de0d9 elementor-section-full_width elementor-section-height-default elementor-section-height-default\" data-id=\"e5de0d9\" data-element_type=\"section\" data-e-type=\"section\">\n\t\t\t\t\t\t<div class=\"elementor-container elementor-column-gap-default\">\n\t\t\t\t\t<div class=\"elementor-column elementor-col-66 elementor-top-column elementor-element elementor-element-18d8e37\" data-id=\"18d8e37\" data-element_type=\"column\" data-e-type=\"column\">\n\t\t\t<div class=\"elementor-widget-wrap elementor-element-populated\">\n\t\t\t\t\t\t<div class=\"elementor-element elementor-element-9fb0fac elementor-widget__width-initial elementor-widget elementor-widget-text-editor\" data-id=\"9fb0fac\" data-element_type=\"widget\" data-e-type=\"widget\" data-widget_type=\"text-editor.default\">\n\t\t\t\t<div class=\"elementor-widget-container\">\n\t\t\t\t\t\t\t\t\t<p><span style=\"font-size: 1rem;\">La Comisi\u00f3n de Familia organiza el pr\u00f3ximo <strong>11 de junio<\/strong> una conferencia titulada <strong>&#8216;Los informes de los Equipos Psicosociales&#8217;<\/strong> que tendr\u00e1 lugar en el sal\u00f3n de actos de la sede colegial, a partir de las <strong>19:00 h<\/strong> en modalidad <strong>exclusivamente presencial<\/strong>.<\/span><\/p><p><span style=\"font-size: 1rem; background-color: transparent;\">Intervendr\u00e1 la abogada <strong>SABINA GALDEANO BONILLA.<\/strong><\/span><\/p>\t\t\t\t\t\t\t\t<\/div>\n\t\t\t\t<\/div>\n\t\t\t\t<div class=\"elementor-element elementor-element-9ca7f43 elementor-widget__width-initial elementor-widget-divider--view-line elementor-widget elementor-widget-divider\" data-id=\"9ca7f43\" data-element_type=\"widget\" data-e-type=\"widget\" data-widget_type=\"divider.default\">\n\t\t\t\t<div class=\"elementor-widget-container\">\n\t\t\t\t\t\t\t<div class=\"elementor-divider\">\n\t\t\t<span class=\"elementor-divider-separator\">\n\t\t\t\t\t\t<\/span>\n\t\t<\/div>\n\t\t\t\t\t\t<\/div>\n\t\t\t\t<\/div>\n\t\t\t\t<div class=\"elementor-element elementor-element-7ae6e2f elementor-widget elementor-widget-heading\" data-id=\"7ae6e2f\" data-element_type=\"widget\" data-e-type=\"widget\" data-widget_type=\"heading.default\">\n\t\t\t\t<div class=\"elementor-widget-container\">\n\t\t\t\t\t<h5 class=\"elementor-heading-title elementor-size-default\">INSCRIPCI\u00d3N<\/h5>\t\t\t\t<\/div>\n\t\t\t\t<\/div>\n\t\t\t\t<div class=\"elementor-element elementor-element-a3a2c48 elementor-widget__width-initial elementor-widget elementor-widget-text-editor\" data-id=\"a3a2c48\" data-element_type=\"widget\" data-e-type=\"widget\" data-widget_type=\"text-editor.default\">\n\t\t\t\t<div class=\"elementor-widget-container\">\n\t\t\t\t\t\t\t\t\t<p><strong>A esta jornada se podr\u00e1 asistir EXCLUSIVAMENTE EN MODALIDAD PRESENCIAL<\/strong>, previa inscripci\u00f3n.<\/p><p><strong>COSTE DE LA INSCRIPCI\u00d3N:<\/strong><\/p><ul><li>COLEGIADOS ICA-C\u00d3RDOBA: GRATUITO<\/li><li>OTROS PROFESIONALES: 10 \u20ac<\/li><\/ul><div>\u00a0<\/div><div>Puede realizar la inscripci\u00f3n a trav\u00e9s del formulario online.\u00a0<\/div><div>Si no es colegiado, una vez cumplimentado el formulario, deber\u00e1 realizar el ingreso en el n\u00famero de cuenta Banco Santander: ES06 0030 4001 99 0003627271.<\/div><div>Para que la inscripci\u00f3n quede formalizada ser\u00e1 necesario remitir al correo <a href=\"mailto:contabilidad@icacordoba.es\" target=\"_blank\" rel=\"noopener\">contabilidad@icacordoba.es<\/a> el justificante del ingreso bancario.<\/div>\t\t\t\t\t\t\t\t<\/div>\n\t\t\t\t<\/div>\n\t\t\t\t<div class=\"elementor-element elementor-element-dba1e20 elementor-widget__width-initial elementor-widget-divider--view-line elementor-widget elementor-widget-divider\" data-id=\"dba1e20\" data-element_type=\"widget\" data-e-type=\"widget\" data-widget_type=\"divider.default\">\n\t\t\t\t<div class=\"elementor-widget-container\">\n\t\t\t\t\t\t\t<div class=\"elementor-divider\">\n\t\t\t<span class=\"elementor-divider-separator\">\n\t\t\t\t\t\t<\/span>\n\t\t<\/div>\n\t\t\t\t\t\t<\/div>\n\t\t\t\t<\/div>\n\t\t\t\t<div class=\"elementor-element elementor-element-ea84812 elementor-button-info elementor-align-left elementor-widget elementor-widget-button\" data-id=\"ea84812\" data-element_type=\"widget\" data-e-type=\"widget\" data-widget_type=\"button.default\">\n\t\t\t\t<div class=\"elementor-widget-container\">\n\t\t\t\t\t\t\t\t\t<div class=\"elementor-button-wrapper\">\n\t\t\t\t\t<a class=\"elementor-button elementor-button-link elementor-size-sm\" href=\"https:\/\/forms.office.com\/e\/5j2gC3ka6i\" target=\"_blank\">\n\t\t\t\t\t\t<span class=\"elementor-button-content-wrapper\">\n\t\t\t\t\t\t\t\t\t<span class=\"elementor-button-text\">INSCRIPCI\u00d3N AQU\u00cd<\/span>\n\t\t\t\t\t<\/span>\n\t\t\t\t\t<\/a>\n\t\t\t\t<\/div>\n\t\t\t\t\t\t\t\t<\/div>\n\t\t\t\t<\/div>\n\t\t\t\t\t<\/div>\n\t\t<\/div>\n\t\t\t\t<div class=\"elementor-column elementor-col-33 elementor-top-column elementor-element elementor-element-49abbaf\" data-id=\"49abbaf\" data-element_type=\"column\" data-e-type=\"column\">\n\t\t\t<div class=\"elementor-widget-wrap elementor-element-populated\">\n\t\t\t\t\t\t<div class=\"elementor-element elementor-element-6fa7d39 elementor-widget elementor-widget-image\" data-id=\"6fa7d39\" data-element_type=\"widget\" data-e-type=\"widget\" data-widget_type=\"image.default\">\n\t\t\t\t<div class=\"elementor-widget-container\">\n\t\t\t\t\t\t\t\t\t\t\t\t\t\t\t\t<a href=\"https:\/\/forms.office.com\/e\/5j2gC3ka6i\" target=\"_blank\">\n\t\t\t\t\t\t\t<img fetchpriority=\"high\" decoding=\"async\" width=\"940\" height=\"788\" src=\"https:\/\/cms.icacordoba.23sd.es\/wp-content\/uploads\/2025\/06\/Conf.-Los-informes-de-los-Equipos-Psicosociaales_11-junio.png\" class=\"attachment-full size-full wp-image-16007\" alt=\"\" srcset=\"https:\/\/cms.icacordoba.23sd.es\/wp-content\/uploads\/2025\/06\/Conf.-Los-informes-de-los-Equipos-Psicosociaales_11-junio.png 940w, https:\/\/cms.icacordoba.23sd.es\/wp-content\/uploads\/2025\/06\/Conf.-Los-informes-de-los-Equipos-Psicosociaales_11-junio-300x251.png 300w, https:\/\/cms.icacordoba.23sd.es\/wp-content\/uploads\/2025\/06\/Conf.-Los-informes-de-los-Equipos-Psicosociaales_11-junio-768x644.png 768w\" sizes=\"(max-width: 940px) 100vw, 940px\" \/>\t\t\t\t\t\t\t\t<\/a>\n\t\t\t\t\t\t\t\t\t\t\t\t\t\t\t<\/div>\n\t\t\t\t<\/div>\n\t\t\t\t\t<\/div>\n\t\t<\/div>\n\t\t\t\t\t<\/div>\n\t\t<\/section>\n\t\t\t\t<\/div>\n\t\t","protected":false},"excerpt":{"rendered":"<p>La Comisi\u00f3n de Familia organiza el pr\u00f3ximo 11 de junio una conferencia titulada &#8216;Los informes de los Equipos Psicosociales&#8217; que tendr\u00e1 lugar en el sal\u00f3n de actos de la sede colegial, a partir de las 19:00 h en modalidad exclusivamente presencial. Intervendr\u00e1 la abogada SABINA GALDEANO BONILLA. INSCRIPCI\u00d3N A esta jornada se podr\u00e1 asistir EXCLUSIVAMENTE [&hellip;]<\/p>\n","protected":false},"author":1,"featured_media":0,"comment_status":"open","ping_status":"open","sticky":false,"template":"","format":"standard","meta":{"footnotes":""},"categories":[1],"tags":[],"class_list":["post-16006","post","type-post","status-publish","format-standard","hentry","category-uncategorized"],"_links":{"self":[{"href":"https:\/\/cms.icacordoba.23sd.es\/index.php\/wp-json\/wp\/v2\/posts\/16006","targetHints":{"allow":["GET"]}}],"collection":[{"href":"https:\/\/cms.icacordoba.23sd.es\/index.php\/wp-json\/wp\/v2\/posts"}],"about":[{"href":"https:\/\/cms.icacordoba.23sd.es\/index.php\/wp-json\/wp\/v2\/types\/post"}],"author":[{"embeddable":true,"href":"https:\/\/cms.icacordoba.23sd.es\/index.php\/wp-json\/wp\/v2\/users\/1"}],"replies":[{"embeddable":true,"href":"https:\/\/cms.icacordoba.23sd.es\/index.php\/wp-json\/wp\/v2\/comments?post=16006"}],"version-history":[{"count":3,"href":"https:\/\/cms.icacordoba.23sd.es\/index.php\/wp-json\/wp\/v2\/posts\/16006\/revisions"}],"predecessor-version":[{"id":16010,"href":"https:\/\/cms.icacordoba.23sd.es\/index.php\/wp-json\/wp\/v2\/posts\/16006\/revisions\/16010"}],"wp:attachment":[{"href":"https:\/\/cms.icacordoba.23sd.es\/index.php\/wp-json\/wp\/v2\/media?parent=16006"}],"wp:term":[{"taxonomy":"category","embeddable":true,"href":"https:\/\/cms.icacordoba.23sd.es\/index.php\/wp-json\/wp\/v2\/categories?post=16006"},{"taxonomy":"post_tag","embeddable":true,"href":"https:\/\/cms.icacordoba.23sd.es\/index.php\/wp-json\/wp\/v2\/tags?post=16006"}],"curies":[{"name":"wp","href":"https:\/\/api.w.org\/{rel}","templated":true}]}}