{"id":15985,"date":"2025-06-02T16:04:42","date_gmt":"2025-06-02T16:04:42","guid":{"rendered":"https:\/\/cms.icacordoba.23sd.es\/index.php\/15985\/"},"modified":"2025-06-02T16:09:35","modified_gmt":"2025-06-02T16:09:35","slug":"noticia-conferencia-subastas-judiciales-tras-la-entrada-en-vigor-de-la-l-o-1-2025","status":"publish","type":"post","link":"https:\/\/cms.icacordoba.23sd.es\/index.php\/15985\/","title":{"rendered":"NOTICIA \u00bb CONFERENCIA: Subastas judiciales tras la entrada en vigor de la L.O. 1\/2025"},"content":{"rendered":"\t\t<div data-elementor-type=\"wp-post\" data-elementor-id=\"15985\" class=\"elementor elementor-15985\" data-elementor-post-type=\"post\">\n\t\t\t\t\t\t<section class=\"elementor-section elementor-top-section elementor-element elementor-element-c70de49 elementor-section-full_width elementor-section-height-default elementor-section-height-default\" data-id=\"c70de49\" data-element_type=\"section\" data-e-type=\"section\">\n\t\t\t\t\t\t<div class=\"elementor-container elementor-column-gap-default\">\n\t\t\t\t\t<div class=\"elementor-column elementor-col-66 elementor-top-column elementor-element elementor-element-0f97db8\" data-id=\"0f97db8\" data-element_type=\"column\" data-e-type=\"column\">\n\t\t\t<div class=\"elementor-widget-wrap elementor-element-populated\">\n\t\t\t\t\t\t<div class=\"elementor-element elementor-element-97ff2eb elementor-widget__width-initial elementor-widget elementor-widget-text-editor\" data-id=\"97ff2eb\" data-element_type=\"widget\" data-e-type=\"widget\" data-widget_type=\"text-editor.default\">\n\t\t\t\t<div class=\"elementor-widget-container\">\n\t\t\t\t\t\t\t\t\t<p><span style=\"font-size: 1rem;\">La Comisi\u00f3n de Formaci\u00f3n organiza el pr\u00f3ximo <strong>9 de junio<\/strong> una conferencia titulada <strong>&#8216;Subastas Judiciales tras la entrada en vigor de la L.O. 1\/2025&#8217;<\/strong> que tendr\u00e1 lugar en horario de <strong>17:30 a 19:30 h<\/strong> en modalidad <strong>exclusivamente online<\/strong>.<\/span><\/p><p><span style=\"font-size: 1rem; background-color: transparent;\">Intervendr\u00e1\u00a0<\/span><\/p><ul><li><strong>ALVARO PEREA GONZ\u00c1LEZ,<\/strong> Letrado de la Administraci\u00f3n de Justicia en el Juzgado de Primera Instancia n\u00ba 1 de Fuenlabrada<\/li><\/ul>\t\t\t\t\t\t\t\t<\/div>\n\t\t\t\t<\/div>\n\t\t\t\t<div class=\"elementor-element elementor-element-b1131e5 elementor-widget__width-initial elementor-widget-divider--view-line elementor-widget elementor-widget-divider\" data-id=\"b1131e5\" data-element_type=\"widget\" data-e-type=\"widget\" data-widget_type=\"divider.default\">\n\t\t\t\t<div class=\"elementor-widget-container\">\n\t\t\t\t\t\t\t<div class=\"elementor-divider\">\n\t\t\t<span class=\"elementor-divider-separator\">\n\t\t\t\t\t\t<\/span>\n\t\t<\/div>\n\t\t\t\t\t\t<\/div>\n\t\t\t\t<\/div>\n\t\t\t\t<div class=\"elementor-element elementor-element-9bd23f7 elementor-widget elementor-widget-heading\" data-id=\"9bd23f7\" data-element_type=\"widget\" data-e-type=\"widget\" data-widget_type=\"heading.default\">\n\t\t\t\t<div class=\"elementor-widget-container\">\n\t\t\t\t\t<h5 class=\"elementor-heading-title elementor-size-default\">INSCRIPCI\u00d3N<\/h5>\t\t\t\t<\/div>\n\t\t\t\t<\/div>\n\t\t\t\t<div class=\"elementor-element elementor-element-e9c1938 elementor-widget__width-initial elementor-widget elementor-widget-text-editor\" data-id=\"e9c1938\" data-element_type=\"widget\" data-e-type=\"widget\" data-widget_type=\"text-editor.default\">\n\t\t\t\t<div class=\"elementor-widget-container\">\n\t\t\t\t\t\t\t\t\t<p><strong>A esta jornada se podr\u00e1 asistir EXCLUSIVAMENTE EN MODALIDAD ONLINE<\/strong>, previa inscripci\u00f3n.<\/p><p><strong>COSTE DE LA INSCRIPCI\u00d3N:<\/strong><\/p><ul><li>COLEGIADOS ICA-C\u00d3RDOBA: GRATUITO<\/li><li>OTROS PROFESIONALES: 10 \u20ac<\/li><\/ul><div>\u00a0<\/div><div>Puede realizar la inscripci\u00f3n a trav\u00e9s del formulario online.\u00a0<\/div><div>Si no es colegiado, una vez cumplimentado el formulario, deber\u00e1 realizar el ingreso en el n\u00famero de cuenta Banco Santander: ES06 0030 4001 99 0003627271.<\/div><div>Para que la inscripci\u00f3n quede formalizada ser\u00e1 necesario remitir al correo <a href=\"mailto:contabilidad@icacordoba.es\" target=\"_blank\" rel=\"noopener\">contabilidad@icacordoba.es<\/a> el justificante del ingreso bancario.<\/div>\t\t\t\t\t\t\t\t<\/div>\n\t\t\t\t<\/div>\n\t\t\t\t<div class=\"elementor-element elementor-element-c716ef6 elementor-widget__width-initial elementor-widget-divider--view-line elementor-widget elementor-widget-divider\" data-id=\"c716ef6\" data-element_type=\"widget\" data-e-type=\"widget\" data-widget_type=\"divider.default\">\n\t\t\t\t<div class=\"elementor-widget-container\">\n\t\t\t\t\t\t\t<div class=\"elementor-divider\">\n\t\t\t<span class=\"elementor-divider-separator\">\n\t\t\t\t\t\t<\/span>\n\t\t<\/div>\n\t\t\t\t\t\t<\/div>\n\t\t\t\t<\/div>\n\t\t\t\t<div class=\"elementor-element elementor-element-6aa5868 elementor-button-info elementor-align-left elementor-widget elementor-widget-button\" data-id=\"6aa5868\" data-element_type=\"widget\" data-e-type=\"widget\" data-widget_type=\"button.default\">\n\t\t\t\t<div class=\"elementor-widget-container\">\n\t\t\t\t\t\t\t\t\t<div class=\"elementor-button-wrapper\">\n\t\t\t\t\t<a class=\"elementor-button elementor-button-link elementor-size-sm\" href=\"https:\/\/forms.office.com\/e\/25sSx9brMQ\" target=\"_blank\">\n\t\t\t\t\t\t<span class=\"elementor-button-content-wrapper\">\n\t\t\t\t\t\t\t\t\t<span class=\"elementor-button-text\">INSCRIPCI\u00d3N AQU\u00cd<\/span>\n\t\t\t\t\t<\/span>\n\t\t\t\t\t<\/a>\n\t\t\t\t<\/div>\n\t\t\t\t\t\t\t\t<\/div>\n\t\t\t\t<\/div>\n\t\t\t\t\t<\/div>\n\t\t<\/div>\n\t\t\t\t<div class=\"elementor-column elementor-col-33 elementor-top-column elementor-element elementor-element-a343d01\" data-id=\"a343d01\" data-element_type=\"column\" data-e-type=\"column\">\n\t\t\t<div class=\"elementor-widget-wrap elementor-element-populated\">\n\t\t\t\t\t\t<div class=\"elementor-element elementor-element-37b719f elementor-widget elementor-widget-image\" data-id=\"37b719f\" data-element_type=\"widget\" data-e-type=\"widget\" data-widget_type=\"image.default\">\n\t\t\t\t<div class=\"elementor-widget-container\">\n\t\t\t\t\t\t\t\t\t\t\t\t\t\t\t\t<a href=\"https:\/\/forms.office.com\/e\/25sSx9brMQ\" target=\"_blank\">\n\t\t\t\t\t\t\t<img fetchpriority=\"high\" decoding=\"async\" width=\"940\" height=\"788\" src=\"https:\/\/cms.icacordoba.23sd.es\/wp-content\/uploads\/2025\/06\/Subastas-Judiciales-9-de-junio.png\" class=\"attachment-full size-full wp-image-15986\" alt=\"\" srcset=\"https:\/\/cms.icacordoba.23sd.es\/wp-content\/uploads\/2025\/06\/Subastas-Judiciales-9-de-junio.png 940w, https:\/\/cms.icacordoba.23sd.es\/wp-content\/uploads\/2025\/06\/Subastas-Judiciales-9-de-junio-300x251.png 300w, https:\/\/cms.icacordoba.23sd.es\/wp-content\/uploads\/2025\/06\/Subastas-Judiciales-9-de-junio-768x644.png 768w\" sizes=\"(max-width: 940px) 100vw, 940px\" \/>\t\t\t\t\t\t\t\t<\/a>\n\t\t\t\t\t\t\t\t\t\t\t\t\t\t\t<\/div>\n\t\t\t\t<\/div>\n\t\t\t\t\t<\/div>\n\t\t<\/div>\n\t\t\t\t\t<\/div>\n\t\t<\/section>\n\t\t\t\t<\/div>\n\t\t","protected":false},"excerpt":{"rendered":"<p>La Comisi\u00f3n de Formaci\u00f3n organiza el pr\u00f3ximo 9 de junio una conferencia titulada &#8216;Subastas Judiciales tras la entrada en vigor de la L.O. 1\/2025&#8217; que tendr\u00e1 lugar en horario de 17:30 a 19:30 h en modalidad exclusivamente online. Intervendr\u00e1\u00a0 ALVARO PEREA GONZ\u00c1LEZ, Letrado de la Administraci\u00f3n de Justicia en el Juzgado de Primera Instancia n\u00ba [&hellip;]<\/p>\n","protected":false},"author":1,"featured_media":0,"comment_status":"open","ping_status":"open","sticky":false,"template":"","format":"standard","meta":{"footnotes":""},"categories":[1],"tags":[],"class_list":["post-15985","post","type-post","status-publish","format-standard","hentry","category-uncategorized"],"_links":{"self":[{"href":"https:\/\/cms.icacordoba.23sd.es\/index.php\/wp-json\/wp\/v2\/posts\/15985","targetHints":{"allow":["GET"]}}],"collection":[{"href":"https:\/\/cms.icacordoba.23sd.es\/index.php\/wp-json\/wp\/v2\/posts"}],"about":[{"href":"https:\/\/cms.icacordoba.23sd.es\/index.php\/wp-json\/wp\/v2\/types\/post"}],"author":[{"embeddable":true,"href":"https:\/\/cms.icacordoba.23sd.es\/index.php\/wp-json\/wp\/v2\/users\/1"}],"replies":[{"embeddable":true,"href":"https:\/\/cms.icacordoba.23sd.es\/index.php\/wp-json\/wp\/v2\/comments?post=15985"}],"version-history":[{"count":9,"href":"https:\/\/cms.icacordoba.23sd.es\/index.php\/wp-json\/wp\/v2\/posts\/15985\/revisions"}],"predecessor-version":[{"id":15995,"href":"https:\/\/cms.icacordoba.23sd.es\/index.php\/wp-json\/wp\/v2\/posts\/15985\/revisions\/15995"}],"wp:attachment":[{"href":"https:\/\/cms.icacordoba.23sd.es\/index.php\/wp-json\/wp\/v2\/media?parent=15985"}],"wp:term":[{"taxonomy":"category","embeddable":true,"href":"https:\/\/cms.icacordoba.23sd.es\/index.php\/wp-json\/wp\/v2\/categories?post=15985"},{"taxonomy":"post_tag","embeddable":true,"href":"https:\/\/cms.icacordoba.23sd.es\/index.php\/wp-json\/wp\/v2\/tags?post=15985"}],"curies":[{"name":"wp","href":"https:\/\/api.w.org\/{rel}","templated":true}]}}