{"id":15961,"date":"2025-05-27T09:24:18","date_gmt":"2025-05-27T09:24:18","guid":{"rendered":"https:\/\/cms.icacordoba.23sd.es\/index.php\/15961\/"},"modified":"2025-05-27T09:42:46","modified_gmt":"2025-05-27T09:42:46","slug":"noticia-la-toga-teatro-representa-la-venganza-de-d-mendo-en-el-gran-teatro","status":"publish","type":"post","link":"https:\/\/cms.icacordoba.23sd.es\/index.php\/15961\/","title":{"rendered":"NOTICIA \u00bb La Toga Teatro representa La Venganza de D. Mendo en el Gran Teatro"},"content":{"rendered":"\t\t<div data-elementor-type=\"wp-post\" data-elementor-id=\"15961\" class=\"elementor elementor-15961\" data-elementor-post-type=\"post\">\n\t\t\t\t\t\t<section class=\"elementor-section elementor-top-section elementor-element elementor-element-0eb5a3a elementor-section-full_width elementor-section-height-default elementor-section-height-default\" data-id=\"0eb5a3a\" data-element_type=\"section\" data-e-type=\"section\">\n\t\t\t\t\t\t<div class=\"elementor-container elementor-column-gap-extended\">\n\t\t\t\t\t<div class=\"elementor-column elementor-col-33 elementor-top-column elementor-element elementor-element-ec593ea\" data-id=\"ec593ea\" data-element_type=\"column\" data-e-type=\"column\">\n\t\t\t<div class=\"elementor-widget-wrap elementor-element-populated\">\n\t\t\t\t\t\t<div class=\"elementor-element elementor-element-eb63ed1 elementor-widget elementor-widget-image\" data-id=\"eb63ed1\" data-element_type=\"widget\" data-e-type=\"widget\" data-widget_type=\"image.default\">\n\t\t\t\t<div class=\"elementor-widget-container\">\n\t\t\t\t\t\t\t\t\t\t\t\t\t\t\t\t<a href=\"https:\/\/www.sepin.es\/colectivos\/identificacion\/default.asp?cod=0010f92AB0JQ07v1ig0FG00A0G90FP2GL0%24P0Fa2JP00p\" target=\"_blank\">\n\t\t\t\t\t\t\t<img fetchpriority=\"high\" decoding=\"async\" width=\"809\" height=\"538\" src=\"https:\/\/cms.icacordoba.23sd.es\/wp-content\/uploads\/2025\/05\/La-Venganza-de-D.-Mendo_Gran-Teatro_-259-x-172-px.png\" class=\"attachment-full size-full wp-image-15963\" alt=\"\" srcset=\"https:\/\/cms.icacordoba.23sd.es\/wp-content\/uploads\/2025\/05\/La-Venganza-de-D.-Mendo_Gran-Teatro_-259-x-172-px.png 809w, https:\/\/cms.icacordoba.23sd.es\/wp-content\/uploads\/2025\/05\/La-Venganza-de-D.-Mendo_Gran-Teatro_-259-x-172-px-300x200.png 300w, https:\/\/cms.icacordoba.23sd.es\/wp-content\/uploads\/2025\/05\/La-Venganza-de-D.-Mendo_Gran-Teatro_-259-x-172-px-768x511.png 768w\" sizes=\"(max-width: 809px) 100vw, 809px\" \/>\t\t\t\t\t\t\t\t<\/a>\n\t\t\t\t\t\t\t\t\t\t\t\t\t\t\t<\/div>\n\t\t\t\t<\/div>\n\t\t\t\t\t<\/div>\n\t\t<\/div>\n\t\t\t\t<div class=\"elementor-column elementor-col-66 elementor-top-column elementor-element elementor-element-301c43e\" data-id=\"301c43e\" data-element_type=\"column\" data-e-type=\"column\">\n\t\t\t<div class=\"elementor-widget-wrap elementor-element-populated\">\n\t\t\t\t\t\t<div class=\"elementor-element elementor-element-f99c05c elementor-widget elementor-widget-text-editor\" data-id=\"f99c05c\" data-element_type=\"widget\" data-e-type=\"widget\" data-widget_type=\"text-editor.default\">\n\t\t\t\t<div class=\"elementor-widget-container\">\n\t\t\t\t\t\t\t\t\t<p>Nos complace anunciaros que el pr\u00f3ximo 19 de septiembre, la Toga Teatro representar\u00e1 la obra \u00abLa Venganza de Don Mendo\u00bb de Pedro Mu\u00f1oz Seca, en C\u00f3rdoba. Ser\u00e1 en el Gran Teatro a las 20:30 h.<\/p>\n<p><span style=\"color: var( --e-global-color-text ); font-family: var( --e-global-typography-text-font-family ); font-size: 1rem;\"><b>L<\/b><\/span><span style=\"color: var( --e-global-color-text ); font-family: var( --e-global-typography-text-font-family ); font-size: 1rem;\"><b>as entradas ya se encuentran a la venta, en la p\u00e1gina web del Instituto Municipal de Artes Esc\u00e9nicas &#8211; IMAE. Pod\u00e9is acceder a trav\u00e9s del siguiente enlace:<\/b><\/span><\/p>\t\t\t\t\t\t\t\t<\/div>\n\t\t\t\t<\/div>\n\t\t\t\t<div class=\"elementor-element elementor-element-e66b825 elementor-button-info elementor-align-center elementor-widget elementor-widget-button\" data-id=\"e66b825\" data-element_type=\"widget\" data-e-type=\"widget\" data-widget_type=\"button.default\">\n\t\t\t\t<div class=\"elementor-widget-container\">\n\t\t\t\t\t\t\t\t\t<div class=\"elementor-button-wrapper\">\n\t\t\t\t\t<a class=\"elementor-button elementor-button-link elementor-size-lg\" href=\"https:\/\/teatrocordoba.es\/espectaculo\/la-venganza-de-don-mendo-2\/\" target=\"_blank\">\n\t\t\t\t\t\t<span class=\"elementor-button-content-wrapper\">\n\t\t\t\t\t\t\t\t\t<span class=\"elementor-button-text\">COMPRA TUS ENTRADAS<\/span>\n\t\t\t\t\t<\/span>\n\t\t\t\t\t<\/a>\n\t\t\t\t<\/div>\n\t\t\t\t\t\t\t\t<\/div>\n\t\t\t\t<\/div>\n\t\t\t\t<div class=\"elementor-element elementor-element-5f416e8 elementor-widget elementor-widget-text-editor\" data-id=\"5f416e8\" data-element_type=\"widget\" data-e-type=\"widget\" data-widget_type=\"text-editor.default\">\n\t\t\t\t<div class=\"elementor-widget-container\">\n\t\t\t\t\t\t\t\t\t<p>Esta representaci\u00f3n de La Toga Teatro, bajo la direcci\u00f3n de la compa\u00f1era Marina P\u00e9rez Caballero, no solo promete ser una experiencia teatral excepcional, gracias al compromiso y el talento de los actores y actrices que componen La Toga Teatro, sino que tambi\u00e9n tiene un fin ben\u00e9fico: <u>recaudar fondos para apoyar a la Fundaci\u00f3n Fepamic en la adquisici\u00f3n del primer Exoesqueleto Infantil de Andaluc\u00eda<\/u>, una tecnolog\u00eda de vanguardia destinada a la terapia de enfermedades neuromusculares para ni\u00f1os y ni\u00f1as desde los tres a\u00f1os.\u00a0<\/p>\t\t\t\t\t\t\t\t<\/div>\n\t\t\t\t<\/div>\n\t\t\t\t\t<\/div>\n\t\t<\/div>\n\t\t\t\t\t<\/div>\n\t\t<\/section>\n\t\t\t\t<\/div>\n\t\t","protected":false},"excerpt":{"rendered":"<p>Nos complace anunciaros que el pr\u00f3ximo 19 de septiembre, la Toga Teatro representar\u00e1 la obra \u00abLa Venganza de Don Mendo\u00bb de Pedro Mu\u00f1oz Seca, en C\u00f3rdoba. Ser\u00e1 en el Gran Teatro a las 20:30 h. Las entradas ya se encuentran a la venta, en la p\u00e1gina web del Instituto Municipal de Artes Esc\u00e9nicas &#8211; IMAE. [&hellip;]<\/p>\n","protected":false},"author":1,"featured_media":0,"comment_status":"open","ping_status":"open","sticky":false,"template":"","format":"standard","meta":{"footnotes":""},"categories":[1],"tags":[],"class_list":["post-15961","post","type-post","status-publish","format-standard","hentry","category-uncategorized"],"_links":{"self":[{"href":"https:\/\/cms.icacordoba.23sd.es\/index.php\/wp-json\/wp\/v2\/posts\/15961","targetHints":{"allow":["GET"]}}],"collection":[{"href":"https:\/\/cms.icacordoba.23sd.es\/index.php\/wp-json\/wp\/v2\/posts"}],"about":[{"href":"https:\/\/cms.icacordoba.23sd.es\/index.php\/wp-json\/wp\/v2\/types\/post"}],"author":[{"embeddable":true,"href":"https:\/\/cms.icacordoba.23sd.es\/index.php\/wp-json\/wp\/v2\/users\/1"}],"replies":[{"embeddable":true,"href":"https:\/\/cms.icacordoba.23sd.es\/index.php\/wp-json\/wp\/v2\/comments?post=15961"}],"version-history":[{"count":12,"href":"https:\/\/cms.icacordoba.23sd.es\/index.php\/wp-json\/wp\/v2\/posts\/15961\/revisions"}],"predecessor-version":[{"id":15975,"href":"https:\/\/cms.icacordoba.23sd.es\/index.php\/wp-json\/wp\/v2\/posts\/15961\/revisions\/15975"}],"wp:attachment":[{"href":"https:\/\/cms.icacordoba.23sd.es\/index.php\/wp-json\/wp\/v2\/media?parent=15961"}],"wp:term":[{"taxonomy":"category","embeddable":true,"href":"https:\/\/cms.icacordoba.23sd.es\/index.php\/wp-json\/wp\/v2\/categories?post=15961"},{"taxonomy":"post_tag","embeddable":true,"href":"https:\/\/cms.icacordoba.23sd.es\/index.php\/wp-json\/wp\/v2\/tags?post=15961"}],"curies":[{"name":"wp","href":"https:\/\/api.w.org\/{rel}","templated":true}]}}