{"id":15845,"date":"2025-05-19T07:47:49","date_gmt":"2025-05-19T07:47:49","guid":{"rendered":"https:\/\/cms.icacordoba.23sd.es\/index.php\/15845\/"},"modified":"2025-05-19T08:50:45","modified_gmt":"2025-05-19T08:50:45","slug":"noticia-caseta-jovenes-abogados-2025-cierre-institucional","status":"publish","type":"post","link":"https:\/\/cms.icacordoba.23sd.es\/index.php\/15845\/","title":{"rendered":"NOTICIA \u00bb Caseta J\u00f3venes Abogados 2025 &#8211; Cierre Institucional"},"content":{"rendered":"\t\t<div data-elementor-type=\"wp-post\" data-elementor-id=\"15845\" class=\"elementor elementor-15845\" data-elementor-post-type=\"post\">\n\t\t\t\t\t\t<section class=\"elementor-section elementor-top-section elementor-element elementor-element-1340714 elementor-section-full_width elementor-section-height-default elementor-section-height-default\" data-id=\"1340714\" data-element_type=\"section\" data-e-type=\"section\">\n\t\t\t\t\t\t<div class=\"elementor-container elementor-column-gap-default\">\n\t\t\t\t\t<div class=\"elementor-column elementor-col-100 elementor-top-column elementor-element elementor-element-158de55\" data-id=\"158de55\" data-element_type=\"column\" data-e-type=\"column\">\n\t\t\t<div class=\"elementor-widget-wrap elementor-element-populated\">\n\t\t\t\t\t\t<div class=\"elementor-element elementor-element-28ba0ae elementor-widget elementor-widget-text-editor\" data-id=\"28ba0ae\" data-element_type=\"widget\" data-e-type=\"widget\" data-widget_type=\"text-editor.default\">\n\t\t\t\t<div class=\"elementor-widget-container\">\n\t\t\t\t\t\t\t\t\t<p class=\"text-build-content\">Nos alegra dirigirnos a vosotros para informaros de todo lo que nos espera este a\u00f1o <strong>en la<\/strong> <strong>Caseta J\u00f3venes Abogados<\/strong>, <strong>ubicada en la calle Los Patios 4 del recinto de la Feria de Nuestra Se\u00f1ora de la Salud 2025, <\/strong>y m\u00e1s concretamente en relaci\u00f3n al <strong>Cierre Institucional del martes, 27 de mayo.<\/strong><\/p>\n<p>Tras el \u00e9xito de ediciones anteriores, el servicio de restauraci\u00f3n y barra de la Caseta J\u00f3venes Abogados vuelve a estar en manos de <strong>la Taberna La Bendita Locura y como colegiados podr\u00e9is beneficiaros de una serie de promociones y servicios especiales<\/strong> durante toda la semana.<\/p>\t\t\t\t\t\t\t\t<\/div>\n\t\t\t\t<\/div>\n\t\t\t\t<div class=\"elementor-element elementor-element-47f8395 elementor-widget elementor-widget-heading\" data-id=\"47f8395\" data-element_type=\"widget\" data-e-type=\"widget\" data-widget_type=\"heading.default\">\n\t\t\t\t<div class=\"elementor-widget-container\">\n\t\t\t\t\t<h5 class=\"elementor-heading-title elementor-size-default\">MARTES, D\u00cdA 27 DE MAYO: CIERRE INSTITUCIONAL<\/h5>\t\t\t\t<\/div>\n\t\t\t\t<\/div>\n\t\t\t\t<div class=\"elementor-element elementor-element-fbef548 elementor-widget elementor-widget-text-editor\" data-id=\"fbef548\" data-element_type=\"widget\" data-e-type=\"widget\" data-widget_type=\"text-editor.default\">\n\t\t\t\t<div class=\"elementor-widget-container\">\n\t\t\t\t\t\t\t\t\t<p>Como viene siendo habitual, el martes de feria, d\u00eda 27 de mayo, es una fecha se\u00f1alada para la Abogac\u00eda de C\u00f3rdoba, con la celebraci\u00f3n del tradicional cierre institucional de la Caseta J\u00f3venes Abogados.<\/p><p>Queremos compartir con todos vosotros un d\u00eda de feria por todo lo alto y, aprovecharemos para galardonar con el<b> Sombrero de Oro al magistrado D. Antonio Javier P\u00e9rez Mart\u00edn y con el Sombrero de Plata a D. Agust\u00edn Arag\u00f3n Garrido, empleado del Colegio, en agradecimiento a la labor y dedicaci\u00f3n para con la Abogac\u00eda Joven de C\u00f3rdoba.<\/b><\/p><p><strong>Tras la entrega de galardones actuar\u00e1 el grupo Plan 6.<\/strong><\/p><p class=\"text-build-content\">Recordamos que durante el cierre institucional, <strong><u>el acceso a la caseta queda restringido a colegiados y colegiadas del ICA-C\u00f3rdoba<\/u>,<\/strong> quienes deber\u00e1n identificarse en el acceso con su carnet profesional, as\u00ed como para invitados protocolarios, personal del Colegio y alumnos que actualmente est\u00e9n cursando el Master en Abogac\u00eda, quienes constar\u00e1n en la lista de acceso.<\/p><p class=\"text-build-content\">Os rogamos encarecidamente, como en ediciones anteriores, que os absteng\u00e1is de acudir acompa\u00f1ados por amigos, trabajadores y familiares no colegiados en nuestro Colegio. El aforo es limitado y por tanto no podemos m\u00e1s que condicionar el acceso a las personas indicadas, por ello os pedimos la m\u00e1xima colaboraci\u00f3n y respeto a esta convocatoria.<\/p><p class=\"text-build-content\">A partir de la finalizaci\u00f3n del cierre institucional (17:30 h aprox.) la caseta quedar\u00e1 abierta al p\u00fablico en general.<strong style=\"font-size: 1rem;\">\u00a0<\/strong><\/p>\t\t\t\t\t\t\t\t<\/div>\n\t\t\t\t<\/div>\n\t\t\t\t<div class=\"elementor-element elementor-element-3703e7f elementor-widget-divider--view-line elementor-widget elementor-widget-divider\" data-id=\"3703e7f\" data-element_type=\"widget\" data-e-type=\"widget\" data-widget_type=\"divider.default\">\n\t\t\t\t<div class=\"elementor-widget-container\">\n\t\t\t\t\t\t\t<div class=\"elementor-divider\">\n\t\t\t<span class=\"elementor-divider-separator\">\n\t\t\t\t\t\t<\/span>\n\t\t<\/div>\n\t\t\t\t\t\t<\/div>\n\t\t\t\t<\/div>\n\t\t\t\t<div class=\"elementor-element elementor-element-7ac504f elementor-widget elementor-widget-heading\" data-id=\"7ac504f\" data-element_type=\"widget\" data-e-type=\"widget\" data-widget_type=\"heading.default\">\n\t\t\t\t<div class=\"elementor-widget-container\">\n\t\t\t\t\t<h5 class=\"elementor-heading-title elementor-size-default\">VIERNES, D\u00cdA 23 DE MAYO - INAUGURACI\u00d3N<\/h5>\t\t\t\t<\/div>\n\t\t\t\t<\/div>\n\t\t\t\t<div class=\"elementor-element elementor-element-52a628b elementor-widget elementor-widget-text-editor\" data-id=\"52a628b\" data-element_type=\"widget\" data-e-type=\"widget\" data-widget_type=\"text-editor.default\">\n\t\t\t\t<div class=\"elementor-widget-container\">\n\t\t\t\t\t\t\t\t\t<p class=\"text-build-content\">Antes de la inauguraci\u00f3n de la Feria de Nuestra Se\u00f1ora de la Salud, est\u00e1 prevista una <strong>cena tipo coctel en la caseta<\/strong>,<strong> que dar\u00e1 comienzo a las 22 h<\/strong><i><strong>.\u00a0<\/strong><\/i><\/p><p class=\"text-build-content\">El precio es 35 \u20ac\/persona y es necesario realizar reserva previa en el tel\u00e9fono de contacto <strong>606735102<\/strong>. Aforo limitado.<\/p><p class=\"text-build-content\"><a class=\"link-build-content\" href=\"https:\/\/cms.icacordoba.23sd.es\/wp-content\/uploads\/2025\/05\/MENU_2025_Inauguracion_JovenesAbogados-1.pdf\" target=\"_blank\" rel=\"noopener\"><strong><u>El men\u00fa de la Cena Inauguraci\u00f3n est\u00e1 disponible aqu\u00ed<\/u><\/strong><\/a><\/p>\t\t\t\t\t\t\t\t<\/div>\n\t\t\t\t<\/div>\n\t\t\t\t<div class=\"elementor-element elementor-element-6cb7239 elementor-widget elementor-widget-heading\" data-id=\"6cb7239\" data-element_type=\"widget\" data-e-type=\"widget\" data-widget_type=\"heading.default\">\n\t\t\t\t<div class=\"elementor-widget-container\">\n\t\t\t\t\t<h5 class=\"elementor-heading-title elementor-size-default\">PROMOCIONES Y SERVICIOS PARA PERSONAS COLEGIADAS<\/h5>\t\t\t\t<\/div>\n\t\t\t\t<\/div>\n\t\t\t\t<div class=\"elementor-element elementor-element-4bea11b elementor-widget elementor-widget-text-editor\" data-id=\"4bea11b\" data-element_type=\"widget\" data-e-type=\"widget\" data-widget_type=\"text-editor.default\">\n\t\t\t\t<div class=\"elementor-widget-container\">\n\t\t\t\t\t\t\t\t\t<p><strong>PROMOCI\u00d3N ESPECIAL DE UN 10% DE DESCUENTO<\/strong> <strong>sobre el precio final de la cuenta durante toda la Feria.<\/strong> <strong>NO EST\u00c1N INCLUIDOS LOS COMBINADOS, QUE S\u00cd TENDR\u00c1N UN DESCUENTO ESPECIAL DE 1\u20ac <\/strong>sobre el precio establecido.&nbsp;<\/p>\n<p>Para acceder a estas ventajas, solo tendr\u00e9is que mostrar vuestro carnet colegial en el momento de realizar el pago.&nbsp;<\/p>\n<p class=\"text-build-content\"><strong>MEN\u00daS CERRADOS Y RESERVA DE COMIDAS<\/strong><\/p>\n<p>La Caseta J\u00f3venes Abogados pone tambi\u00e9n a vuestra disposici\u00f3n la posibilidad de contratar <strong>MEN\u00daS CERRADOS<\/strong>, sobre los que no se aplicar\u00e1 el descuento adicional.&nbsp;<\/p>\n<p class=\"text-build-content\">Pod\u00e9is realizar <strong>RESERVAS DE COMIDAS en el tel\u00e9fono 606735102;<\/strong> disponible desde ya y durante la celebraci\u00f3n de la feria.<\/p>\n<p class=\"text-build-content\"><a class=\"link-build-content\" href=\"https:\/\/cms.icacordoba.23sd.es\/wp-content\/uploads\/2025\/05\/MENUS_2025_JovenesAbogados-1.pdf\" target=\"_blank\" rel=\"noopener\"><strong><u>Pod\u00e9is consultar los men\u00fas aqu\u00ed<\/u><\/strong><\/a><\/p>\t\t\t\t\t\t\t\t<\/div>\n\t\t\t\t<\/div>\n\t\t\t\t<div class=\"elementor-element elementor-element-55a6513 elementor-widget-divider--view-line elementor-widget elementor-widget-divider\" data-id=\"55a6513\" data-element_type=\"widget\" data-e-type=\"widget\" data-widget_type=\"divider.default\">\n\t\t\t\t<div class=\"elementor-widget-container\">\n\t\t\t\t\t\t\t<div class=\"elementor-divider\">\n\t\t\t<span class=\"elementor-divider-separator\">\n\t\t\t\t\t\t<\/span>\n\t\t<\/div>\n\t\t\t\t\t\t<\/div>\n\t\t\t\t<\/div>\n\t\t\t\t\t<\/div>\n\t\t<\/div>\n\t\t\t\t\t<\/div>\n\t\t<\/section>\n\t\t\t\t<\/div>\n\t\t","protected":false},"excerpt":{"rendered":"<p>Nos alegra dirigirnos a vosotros para informaros de todo lo que nos espera este a\u00f1o en la Caseta J\u00f3venes Abogados, ubicada en la calle Los Patios 4 del recinto de la Feria de Nuestra Se\u00f1ora de la Salud 2025, y m\u00e1s concretamente en relaci\u00f3n al Cierre Institucional del martes, 27 de mayo. Tras el \u00e9xito [&hellip;]<\/p>\n","protected":false},"author":1,"featured_media":0,"comment_status":"open","ping_status":"open","sticky":false,"template":"","format":"standard","meta":{"footnotes":""},"categories":[1],"tags":[],"class_list":["post-15845","post","type-post","status-publish","format-standard","hentry","category-uncategorized"],"_links":{"self":[{"href":"https:\/\/cms.icacordoba.23sd.es\/index.php\/wp-json\/wp\/v2\/posts\/15845","targetHints":{"allow":["GET"]}}],"collection":[{"href":"https:\/\/cms.icacordoba.23sd.es\/index.php\/wp-json\/wp\/v2\/posts"}],"about":[{"href":"https:\/\/cms.icacordoba.23sd.es\/index.php\/wp-json\/wp\/v2\/types\/post"}],"author":[{"embeddable":true,"href":"https:\/\/cms.icacordoba.23sd.es\/index.php\/wp-json\/wp\/v2\/users\/1"}],"replies":[{"embeddable":true,"href":"https:\/\/cms.icacordoba.23sd.es\/index.php\/wp-json\/wp\/v2\/comments?post=15845"}],"version-history":[{"count":21,"href":"https:\/\/cms.icacordoba.23sd.es\/index.php\/wp-json\/wp\/v2\/posts\/15845\/revisions"}],"predecessor-version":[{"id":15869,"href":"https:\/\/cms.icacordoba.23sd.es\/index.php\/wp-json\/wp\/v2\/posts\/15845\/revisions\/15869"}],"wp:attachment":[{"href":"https:\/\/cms.icacordoba.23sd.es\/index.php\/wp-json\/wp\/v2\/media?parent=15845"}],"wp:term":[{"taxonomy":"category","embeddable":true,"href":"https:\/\/cms.icacordoba.23sd.es\/index.php\/wp-json\/wp\/v2\/categories?post=15845"},{"taxonomy":"post_tag","embeddable":true,"href":"https:\/\/cms.icacordoba.23sd.es\/index.php\/wp-json\/wp\/v2\/tags?post=15845"}],"curies":[{"name":"wp","href":"https:\/\/api.w.org\/{rel}","templated":true}]}}