{"id":15707,"date":"2025-05-07T08:54:05","date_gmt":"2025-05-07T08:54:05","guid":{"rendered":"https:\/\/cms.icacordoba.23sd.es\/index.php\/15707\/"},"modified":"2025-05-08T11:35:01","modified_gmt":"2025-05-08T11:35:01","slug":"noticia-presentacion-de-libro-la-feria-en-el-derecho-un-rebujito-legal-y-jurisprudencial","status":"publish","type":"post","link":"https:\/\/cms.icacordoba.23sd.es\/index.php\/15707\/","title":{"rendered":"NOTICIA \u00bb PRESENTACI\u00d3N DE LIBRO La Feria en el Derecho: un rebujito legal y jurisprudencial"},"content":{"rendered":"\t\t<div data-elementor-type=\"wp-post\" data-elementor-id=\"15707\" class=\"elementor elementor-15707\" data-elementor-post-type=\"post\">\n\t\t\t\t\t\t<section class=\"elementor-section elementor-top-section elementor-element elementor-element-7a97742 elementor-section-boxed elementor-section-height-default elementor-section-height-default\" data-id=\"7a97742\" data-element_type=\"section\" data-e-type=\"section\">\n\t\t\t\t\t\t<div class=\"elementor-container elementor-column-gap-narrow\">\n\t\t\t\t\t<div class=\"elementor-column elementor-col-50 elementor-top-column elementor-element elementor-element-c7812b0\" data-id=\"c7812b0\" data-element_type=\"column\" data-e-type=\"column\">\n\t\t\t<div class=\"elementor-widget-wrap elementor-element-populated\">\n\t\t\t\t\t\t<div class=\"elementor-element elementor-element-d9547c1 elementor-widget elementor-widget-image\" data-id=\"d9547c1\" data-element_type=\"widget\" data-e-type=\"widget\" data-widget_type=\"image.default\">\n\t\t\t\t<div class=\"elementor-widget-container\">\n\t\t\t\t\t\t\t\t\t\t\t\t\t\t\t<img fetchpriority=\"high\" decoding=\"async\" width=\"2000\" height=\"1428\" src=\"https:\/\/cms.icacordoba.23sd.es\/wp-content\/uploads\/2025\/05\/Invitacion_Presentacion-La-Feria-en-el-Derecho_19-de-mayo.jpg\" class=\"attachment-full size-full wp-image-15736\" alt=\"\" srcset=\"https:\/\/cms.icacordoba.23sd.es\/wp-content\/uploads\/2025\/05\/Invitacion_Presentacion-La-Feria-en-el-Derecho_19-de-mayo.jpg 2000w, https:\/\/cms.icacordoba.23sd.es\/wp-content\/uploads\/2025\/05\/Invitacion_Presentacion-La-Feria-en-el-Derecho_19-de-mayo-300x214.jpg 300w, https:\/\/cms.icacordoba.23sd.es\/wp-content\/uploads\/2025\/05\/Invitacion_Presentacion-La-Feria-en-el-Derecho_19-de-mayo-1024x731.jpg 1024w, https:\/\/cms.icacordoba.23sd.es\/wp-content\/uploads\/2025\/05\/Invitacion_Presentacion-La-Feria-en-el-Derecho_19-de-mayo-768x548.jpg 768w, https:\/\/cms.icacordoba.23sd.es\/wp-content\/uploads\/2025\/05\/Invitacion_Presentacion-La-Feria-en-el-Derecho_19-de-mayo-1536x1097.jpg 1536w\" sizes=\"(max-width: 2000px) 100vw, 2000px\" \/>\t\t\t\t\t\t\t\t\t\t\t\t\t\t\t<\/div>\n\t\t\t\t<\/div>\n\t\t\t\t\t<\/div>\n\t\t<\/div>\n\t\t\t\t<div class=\"elementor-column elementor-col-50 elementor-top-column elementor-element elementor-element-06015dd\" data-id=\"06015dd\" data-element_type=\"column\" data-e-type=\"column\">\n\t\t\t<div class=\"elementor-widget-wrap elementor-element-populated\">\n\t\t\t\t\t\t<div class=\"elementor-element elementor-element-24a091f elementor-widget elementor-widget-text-editor\" data-id=\"24a091f\" data-element_type=\"widget\" data-e-type=\"widget\" data-widget_type=\"text-editor.default\">\n\t\t\t\t<div class=\"elementor-widget-container\">\n\t\t\t\t\t\t\t\t\t<p>El pr\u00f3ximo 19 de mayo, a las 19.30 h, tendr\u00e1 lugar en el sal\u00f3n de actos de la sede colegial la presentaci\u00f3n del libro &#8216;La Feria en el Derecho: Un rebujito legal y jurisprudencial&#8217;.<\/p><p>Presenta el acto el compa\u00f1ero Francisco Jos\u00e9 Bellido Roche.<\/p><p>Intervienen:<\/p><ul><li>Emilio Gonz\u00e1lez Romero, abogado y coordinador de la publicaci\u00f3n.<\/li><li>Carmen Vida Carri\u00f3n, abogada y Profesora de D. Civil de la Universidad de Sevilla.<\/li><\/ul>\t\t\t\t\t\t\t\t<\/div>\n\t\t\t\t<\/div>\n\t\t\t\t\t<\/div>\n\t\t<\/div>\n\t\t\t\t\t<\/div>\n\t\t<\/section>\n\t\t\t\t<\/div>\n\t\t","protected":false},"excerpt":{"rendered":"<p>El pr\u00f3ximo 19 de mayo, a las 19.30 h, tendr\u00e1 lugar en el sal\u00f3n de actos de la sede colegial la presentaci\u00f3n del libro &#8216;La Feria en el Derecho: Un rebujito legal y jurisprudencial&#8217;. Presenta el acto el compa\u00f1ero Francisco Jos\u00e9 Bellido Roche. Intervienen: Emilio Gonz\u00e1lez Romero, abogado y coordinador de la publicaci\u00f3n. Carmen Vida [&hellip;]<\/p>\n","protected":false},"author":1,"featured_media":0,"comment_status":"open","ping_status":"open","sticky":false,"template":"","format":"standard","meta":{"footnotes":""},"categories":[1],"tags":[],"class_list":["post-15707","post","type-post","status-publish","format-standard","hentry","category-uncategorized"],"_links":{"self":[{"href":"https:\/\/cms.icacordoba.23sd.es\/index.php\/wp-json\/wp\/v2\/posts\/15707","targetHints":{"allow":["GET"]}}],"collection":[{"href":"https:\/\/cms.icacordoba.23sd.es\/index.php\/wp-json\/wp\/v2\/posts"}],"about":[{"href":"https:\/\/cms.icacordoba.23sd.es\/index.php\/wp-json\/wp\/v2\/types\/post"}],"author":[{"embeddable":true,"href":"https:\/\/cms.icacordoba.23sd.es\/index.php\/wp-json\/wp\/v2\/users\/1"}],"replies":[{"embeddable":true,"href":"https:\/\/cms.icacordoba.23sd.es\/index.php\/wp-json\/wp\/v2\/comments?post=15707"}],"version-history":[{"count":30,"href":"https:\/\/cms.icacordoba.23sd.es\/index.php\/wp-json\/wp\/v2\/posts\/15707\/revisions"}],"predecessor-version":[{"id":15739,"href":"https:\/\/cms.icacordoba.23sd.es\/index.php\/wp-json\/wp\/v2\/posts\/15707\/revisions\/15739"}],"wp:attachment":[{"href":"https:\/\/cms.icacordoba.23sd.es\/index.php\/wp-json\/wp\/v2\/media?parent=15707"}],"wp:term":[{"taxonomy":"category","embeddable":true,"href":"https:\/\/cms.icacordoba.23sd.es\/index.php\/wp-json\/wp\/v2\/categories?post=15707"},{"taxonomy":"post_tag","embeddable":true,"href":"https:\/\/cms.icacordoba.23sd.es\/index.php\/wp-json\/wp\/v2\/tags?post=15707"}],"curies":[{"name":"wp","href":"https:\/\/api.w.org\/{rel}","templated":true}]}}