{"id":15655,"date":"2025-05-05T11:23:55","date_gmt":"2025-05-05T11:23:55","guid":{"rendered":"https:\/\/cms.icacordoba.23sd.es\/index.php\/15655\/"},"modified":"2025-06-13T08:14:59","modified_gmt":"2025-06-13T08:14:59","slug":"la-junta-de-gobierno-acuerda-mantener-las-cuentas-de-correo-corporativo-de","status":"publish","type":"post","link":"https:\/\/cms.icacordoba.23sd.es\/index.php\/15655\/","title":{"rendered":"Nuevo Plan Correo Abogac\u00eda"},"content":{"rendered":"\t\t<div data-elementor-type=\"wp-post\" data-elementor-id=\"15655\" class=\"elementor elementor-15655\" data-elementor-post-type=\"post\">\n\t\t\t\t\t\t<section class=\"elementor-section elementor-top-section elementor-element elementor-element-abdc3ad elementor-section-boxed elementor-section-height-default elementor-section-height-default\" data-id=\"abdc3ad\" data-element_type=\"section\" data-e-type=\"section\">\n\t\t\t\t\t\t<div class=\"elementor-container elementor-column-gap-default\">\n\t\t\t\t\t<div class=\"elementor-column elementor-col-100 elementor-top-column elementor-element elementor-element-b7bf8c6\" data-id=\"b7bf8c6\" data-element_type=\"column\" data-e-type=\"column\">\n\t\t\t<div class=\"elementor-widget-wrap elementor-element-populated\">\n\t\t\t\t\t\t<div class=\"elementor-element elementor-element-e366d5f elementor-widget elementor-widget-heading\" data-id=\"e366d5f\" data-element_type=\"widget\" data-e-type=\"widget\" data-widget_type=\"heading.default\">\n\t\t\t\t<div class=\"elementor-widget-container\">\n\t\t\t\t\t<h4 class=\"elementor-heading-title elementor-size-default\">CORREO ABOGAC\u00cdA - NUEVO PLAN<br>Cambios en el servicio de correo electr\u00f3nico @icacordoba.es<\/h4>\t\t\t\t<\/div>\n\t\t\t\t<\/div>\n\t\t\t\t<div class=\"elementor-element elementor-element-0b28182 elementor-widget elementor-widget-heading\" data-id=\"0b28182\" data-element_type=\"widget\" data-e-type=\"widget\" data-widget_type=\"heading.default\">\n\t\t\t\t<div class=\"elementor-widget-container\">\n\t\t\t\t\t<h5 class=\"elementor-heading-title elementor-size-default\">Los colegiados deber\u00e1n indicar, con car\u00e1cter vinculante, si optan por mantener su cuenta de correo electr\u00f3nico con dominio @icacordoba.es conforme a las nuevas condiciones ofertadas<\/h5>\t\t\t\t<\/div>\n\t\t\t\t<\/div>\n\t\t\t\t<div class=\"elementor-element elementor-element-d0e3132 elementor-widget elementor-widget-image\" data-id=\"d0e3132\" data-element_type=\"widget\" data-e-type=\"widget\" data-widget_type=\"image.default\">\n\t\t\t\t<div class=\"elementor-widget-container\">\n\t\t\t\t\t\t\t\t\t\t\t\t\t\t\t<img fetchpriority=\"high\" decoding=\"async\" width=\"1920\" height=\"450\" src=\"https:\/\/cms.icacordoba.23sd.es\/wp-content\/uploads\/2025\/05\/Sin-titulo-1920-x-450-px.jpg\" class=\"attachment-full size-full wp-image-15681\" alt=\"\" srcset=\"https:\/\/cms.icacordoba.23sd.es\/wp-content\/uploads\/2025\/05\/Sin-titulo-1920-x-450-px.jpg 1920w, https:\/\/cms.icacordoba.23sd.es\/wp-content\/uploads\/2025\/05\/Sin-titulo-1920-x-450-px-300x70.jpg 300w, https:\/\/cms.icacordoba.23sd.es\/wp-content\/uploads\/2025\/05\/Sin-titulo-1920-x-450-px-1024x240.jpg 1024w, https:\/\/cms.icacordoba.23sd.es\/wp-content\/uploads\/2025\/05\/Sin-titulo-1920-x-450-px-768x180.jpg 768w, https:\/\/cms.icacordoba.23sd.es\/wp-content\/uploads\/2025\/05\/Sin-titulo-1920-x-450-px-1536x360.jpg 1536w\" sizes=\"(max-width: 1920px) 100vw, 1920px\" \/>\t\t\t\t\t\t\t\t\t\t\t\t\t\t\t<\/div>\n\t\t\t\t<\/div>\n\t\t\t\t\t<\/div>\n\t\t<\/div>\n\t\t\t\t\t<\/div>\n\t\t<\/section>\n\t\t\t\t<section class=\"elementor-section elementor-top-section elementor-element elementor-element-f31025f elementor-section-boxed elementor-section-height-default elementor-section-height-default\" data-id=\"f31025f\" data-element_type=\"section\" data-e-type=\"section\">\n\t\t\t\t\t\t<div class=\"elementor-container elementor-column-gap-default\">\n\t\t\t\t\t<div class=\"elementor-column elementor-col-100 elementor-top-column elementor-element elementor-element-fd31faf\" data-id=\"fd31faf\" data-element_type=\"column\" data-e-type=\"column\">\n\t\t\t<div class=\"elementor-widget-wrap elementor-element-populated\">\n\t\t\t\t\t\t<div class=\"elementor-element elementor-element-af77798 elementor-widget elementor-widget-text-editor\" data-id=\"af77798\" data-element_type=\"widget\" data-e-type=\"widget\" data-widget_type=\"text-editor.default\">\n\t\t\t\t<div class=\"elementor-widget-container\">\n\t\t\t\t\t\t\t\t\t<p>El Consejo General de la Abogac\u00eda Espa\u00f1ola ha comunicado a todos los titulares de una cuenta de correo electr\u00f3nico corporativa que,\u00a0<span style=\"font-size: 1rem;\">debido al progresivo encarecimiento del producto y a la complejidad en la gesti\u00f3n, <\/span><strong style=\"font-size: 1rem;\">no va a renovar el contrato suscrito con Microsoft, vigente hasta de septiembre de 2025, <\/strong><span style=\"font-size: 1rem;\">a trav\u00e9s del que un importante n\u00famero de colegios hemos venido ofreciendo a nuestros colegiados de forma gratuita el <\/span><strong style=\"font-size: 1rem;\">Servicio de Correo Electr\u00f3nico Office 365 (Licencia E1) que inclu\u00eda no solo la cuenta de correo electr\u00f3nico, sino tambi\u00e9n OneDrive, paquete Office online y Teams.<\/strong><\/p><p>Con la finalidad de seguir ofreciendo un servicio de correo electr\u00f3nico profesional y de calidad y que, si as\u00ed lo deseas, puedas mantener tu cuenta con dominio @icacordoba.es en condiciones preferentes a las de mercado, la Junta de Gobierno, despu\u00e9s de valorar diversas opciones y planteamientos, ha decidido <strong>adherirse a la propuesta facilitada por el CGAE, que se concreta en lo siguiente:<\/strong><\/p><ul><li>Ofrecer a los colegiados el producto llamado <strong><u>Licencia Plan 1 de Microsoft,<\/u><\/strong> en condiciones preferentes, con importantes diferencias en cuanto al tipo de servicio ofertado hasta ahora. La Licencia Plan 1, tiene las siguientes <strong>caracter\u00edsticas:<\/strong><\/li><\/ul><div><b>\u00a0<\/b><\/div><ul><li style=\"list-style-type: none;\"><ul><li><strong><u>Solo incluye cuenta de correo electr\u00f3nico, (incluyendo el calendario y la agenda<\/u>)\u00a0<\/strong>con tecnolog\u00eda Exchange y Filtro Antispam. Capacidad del buz\u00f3n de 50 GB. Posibilidad de remitir correos de hasta 150 MB.<\/li><li><strong><u>NO<\/u><\/strong><strong> incluye OneDrive, paquete Office online ni otras aplicaciones.<\/strong><\/li><li>Mantiene el dominio @icacordoba.es. y no requiere migraci\u00f3n de correo.<\/li><li>Compromiso de permanencia de tres a\u00f1os, con posibilidad de prorrogarse por dos a\u00f1os complementarios.<\/li><\/ul><\/li><\/ul><div>\u00a0<\/div><ul><li><strong>Este nuevo servicio de correo electr\u00f3nico <u>NO SER\u00c1 GRATUITO PARA LOS COLEGIADOS, pero s\u00ed tiene unas condiciones preferentes.<\/u><\/strong><ul><li>El precio de mercado anual de este producto es de 44,40 euros m\u00e1s IVA. <strong>Si bien, <u>el precio negociado que hemos obtenido es de 2,52\u20ac\/mes IVA INCLUIDO (25,00 euros m\u00e1s IVA anual),<\/u> pagadero por a\u00f1os adelantados y con un compromiso de permanencia de 3 a\u00f1os, sin variaci\u00f3n en el precio.<\/strong><\/li><li><strong>El Colegio emitir\u00e1 a cada colegiado la correspondiente factura por dicho importe (25\u20ac m\u00e1s IVA\/a\u00f1o), durante la segunda quincena de junio, dado que es un gasto deducible de vuestra actividad profesional.<\/strong><\/li><\/ul><\/li><\/ul><p>Debido al cambio sustancial en las condiciones del servicio, los colegiados y colegiadas titulares de una cuenta con dominio @icacordoba.es deber\u00e1n informar respecto a\u00a0<u>si en estas condiciones quieres continuar con su cuenta de correo electr\u00f3nico o si, por el contrario, optan por darse de baja.<\/u><\/p><p><strong>Para comunicarnos tu decisi\u00f3n, incluimos a continuaci\u00f3n un enlace a un cuestionario online vinculante, que deber\u00e1s responder <u>antes del 23 de mayo, a las 14 h<\/u><\/strong><\/p><p><a href=\"https:\/\/forms.office.com\/e\/VxTdi4G029\" target=\"_blank\" rel=\"noopener\"><strong><u>CUESTIONARIO CORREO ELECTR\u00d3NICO @ICACORDOBA.ES<\/u><\/strong><\/a><\/p><p>Si optas por no continuar con el servicio, se proceder\u00e1 a dar de baja tu correo Office 365 Licencia E1, el 1 de septiembre de 2025. En este caso, una vez cumplimentado el formulario, te facilitaremos las oportunas instrucciones para que puedas exportar el contenido de tu correo electr\u00f3nico y, en su caso, de Onedrive.<\/p><p>En caso de que decidas continuar con tu cuenta de correo electr\u00f3nico, una vez finalizado el plazo indicado, nos pondremos en contacto contigo para facilitarte la transici\u00f3n a la nueva licencia.<\/p><p>Por \u00faltimo, con independencia de tu decisi\u00f3n acerca del mantenimiento o no de la cuenta de @icacordoba.es, te informamos que, si est\u00e1s interesado en adquirir una licencia de Microsoft, similar a la que has venido disfrutando hasta ahora (que incluya OneDrive y, en su caso, paquete Office u otras aplicaciones) tienes la posibilidad de acceder a importantes descuentos a trav\u00e9s de la empresa colaboradora con el Consejo, quien te informar\u00e1 sobre las diversas opciones y su precio. Puedes indicarnos tu inter\u00e9s, tambi\u00e9n en el formulario online.<\/p>\t\t\t\t\t\t\t\t<\/div>\n\t\t\t\t<\/div>\n\t\t\t\t<div class=\"elementor-element elementor-element-7ff9b47 elementor-widget elementor-widget-heading\" data-id=\"7ff9b47\" data-element_type=\"widget\" data-e-type=\"widget\" data-widget_type=\"heading.default\">\n\t\t\t\t<div class=\"elementor-widget-container\">\n\t\t\t\t\t<h4 class=\"elementor-heading-title elementor-size-default\">Correo Abogac\u00eda - Nuevo Plan - Si has optado por mantener activa tu cuenta...<\/h4>\t\t\t\t<\/div>\n\t\t\t\t<\/div>\n\t\t\t\t<div class=\"elementor-element elementor-element-d84323a elementor-widget elementor-widget-text-editor\" data-id=\"d84323a\" data-element_type=\"widget\" data-e-type=\"widget\" data-widget_type=\"text-editor.default\">\n\t\t\t\t<div class=\"elementor-widget-container\">\n\t\t\t\t\t\t\t\t\t<p><span style=\"font-size: 1rem;\">El buz\u00f3n de correo no cambia, por lo tanto, los usuarios no tendr\u00e1n que realizar ninguna acci\u00f3n y conservar\u00e1n su servicio de correo como hasta ahora (incluyendo el calendario y la agenda), pero si usan OneDrive u otros servicios distintos al correo deben migrarlos ya que perder\u00e1n el acceso a ellos cuando se produzca el cambio de plan.<\/span><\/p><p><strong><span style=\"color: #ff0000;\">Si no utilizas OneDrive NO TIENES QUE HACER NADA<\/span><\/strong><\/p><p>Si utilizas One Drive, te facilitamos un manual y acceso a distintas sesiones online y grabadas para ayudarte a hacer una copia.<\/p>\t\t\t\t\t\t\t\t<\/div>\n\t\t\t\t<\/div>\n\t\t\t\t<div class=\"elementor-element elementor-element-2ab18b4 elementor-button-info elementor-widget elementor-widget-button\" data-id=\"2ab18b4\" data-element_type=\"widget\" data-e-type=\"widget\" data-widget_type=\"button.default\">\n\t\t\t\t<div class=\"elementor-widget-container\">\n\t\t\t\t\t\t\t\t\t<div class=\"elementor-button-wrapper\">\n\t\t\t\t\t<a class=\"elementor-button elementor-button-link elementor-size-sm\" href=\"https:\/\/www.abogacia.es\/wp-content\/uploads\/2025\/03\/Manual-CGAE-Exportacion-de-Documentos-desde-OneDrive-de-Microsoft-365-a-Carpeta-Local-o-Disco-Duro-Externo.pdf\" target=\"_blank\">\n\t\t\t\t\t\t<span class=\"elementor-button-content-wrapper\">\n\t\t\t\t\t\t<span class=\"elementor-button-icon\">\n\t\t\t\t<i aria-hidden=\"true\" class=\"fas fa-arrow-right\"><\/i>\t\t\t<\/span>\n\t\t\t\t\t\t\t\t\t<span class=\"elementor-button-text\">GU\u00cdA: C\u00f3mo hacer una copia de OneDrive<\/span>\n\t\t\t\t\t<\/span>\n\t\t\t\t\t<\/a>\n\t\t\t\t<\/div>\n\t\t\t\t\t\t\t\t<\/div>\n\t\t\t\t<\/div>\n\t\t\t\t<div class=\"elementor-element elementor-element-baf7e40 elementor-widget elementor-widget-text-editor\" data-id=\"baf7e40\" data-element_type=\"widget\" data-e-type=\"widget\" data-widget_type=\"text-editor.default\">\n\t\t\t\t<div class=\"elementor-widget-container\">\n\t\t\t\t\t\t\t\t\t<p>Como puedes ver, los pasos son muy sencillos: Ir al portal de Office, al apartado OneDrive, seleccionar todos tus archivos y dar a Descargar. Se genera un ZIP con toda la informaci\u00f3n. Luego puedes restaurar esos archivos en tu ordenador o donde quieras.<\/p><p>Env\u00eda el documento que puedes descargar a continuaci\u00f3n a <a href=\"mailto:icacordoba@icacordoba.es\">icacordoba@icacordoba.es<\/a><\/p><p><a href=\"https:\/\/cms.icacordoba.23sd.es\/wp-content\/uploads\/2025\/05\/ACUERDO-CORREO-ABOGACIA-PLAN-1-ICACORDOBA.ES_FORMULARIO-1.pdf\" target=\"_blank\" rel=\"noopener\">ACUERDO CORREO ABOGACIA PLAN 1 ICACORDOBA.ES_FORMULARIO<\/a><\/p>\t\t\t\t\t\t\t\t<\/div>\n\t\t\t\t<\/div>\n\t\t\t\t<div class=\"elementor-element elementor-element-a2c9c34 elementor-widget elementor-widget-heading\" data-id=\"a2c9c34\" data-element_type=\"widget\" data-e-type=\"widget\" data-widget_type=\"heading.default\">\n\t\t\t\t<div class=\"elementor-widget-container\">\n\t\t\t\t\t<h4 class=\"elementor-heading-title elementor-size-default\">Si has optado por NO MANTENER ACTIVA TU CUENTA...<\/h4>\t\t\t\t<\/div>\n\t\t\t\t<\/div>\n\t\t\t\t<div class=\"elementor-element elementor-element-3eed8eb elementor-widget elementor-widget-text-editor\" data-id=\"3eed8eb\" data-element_type=\"widget\" data-e-type=\"widget\" data-widget_type=\"text-editor.default\">\n\t\t\t\t<div class=\"elementor-widget-container\">\n\t\t\t\t\t\t\t\t\t<p><span style=\"color: #ff0000;\"><b>A partir del 1 de septiembre, tu cuenta @icacordoba.es ser\u00e1 dada de baja.\u00a0<\/b><\/span><\/p><p>Env\u00eda el documento que puedes descargar a continuaci\u00f3n a <a href=\"mailto:icacordoba@icacordoba.es\">icacordoba@icacordoba.es<\/a><\/p><p><a href=\"https:\/\/cms.icacordoba.23sd.es\/wp-content\/uploads\/2025\/05\/ACUERDO-BAJA-CORREO-ICACORDOBA.ES_formulario-1.pdf\" target=\"_blank\" rel=\"noopener\">ACUERDO BAJA CORREO ICACORDOBA.ES_formulario<\/a><\/p><p><span style=\"color: #000000;\"><b>Te recomendamos que antes de dicha fecha hagas lo siguiente:<\/b><\/span><\/p><p>Exporta el contenido de tu cuenta de correo electr\u00f3nico de forma manual. Te facilitamos una gu\u00eda con los pasos a seguir<\/p><p><a href=\"https:\/\/www.abogacia.es\/wp-content\/uploads\/2025\/03\/Manual-CGAE-Exportacion-de-correo-manual-PST.pdf\" target=\"_blank\" rel=\"noopener\"><b>GU\u00cdA EXPORTACI\u00d3N CORREO ELECTR\u00d3NICO MANUAL<\/b><\/a><\/p>\t\t\t\t\t\t\t\t<\/div>\n\t\t\t\t<\/div>\n\t\t\t\t<div class=\"elementor-element elementor-element-1ace5df elementor-widget elementor-widget-text-editor\" data-id=\"1ace5df\" data-element_type=\"widget\" data-e-type=\"widget\" data-widget_type=\"text-editor.default\">\n\t\t\t\t<div class=\"elementor-widget-container\">\n\t\t\t\t\t\t\t\t\t<p><strong style=\"font-size: 1rem;\"><span style=\"color: #ff0000;\">Si no utilizas OneDrive NO TIENES QUE HACER NADA<\/span><\/strong><\/p><p>Si utilizas One Drive, te facilitamos un manual y acceso a distintas sesiones online y grabadas para ayudarte a hacer una copia.<\/p>\t\t\t\t\t\t\t\t<\/div>\n\t\t\t\t<\/div>\n\t\t\t\t<div class=\"elementor-element elementor-element-8ed2804 elementor-button-info elementor-widget elementor-widget-button\" data-id=\"8ed2804\" data-element_type=\"widget\" data-e-type=\"widget\" data-widget_type=\"button.default\">\n\t\t\t\t<div class=\"elementor-widget-container\">\n\t\t\t\t\t\t\t\t\t<div class=\"elementor-button-wrapper\">\n\t\t\t\t\t<a class=\"elementor-button elementor-button-link elementor-size-sm\" href=\"https:\/\/www.abogacia.es\/wp-content\/uploads\/2025\/03\/Manual-CGAE-Exportacion-de-Documentos-desde-OneDrive-de-Microsoft-365-a-Carpeta-Local-o-Disco-Duro-Externo.pdf\" target=\"_blank\">\n\t\t\t\t\t\t<span class=\"elementor-button-content-wrapper\">\n\t\t\t\t\t\t<span class=\"elementor-button-icon\">\n\t\t\t\t<i aria-hidden=\"true\" class=\"fas fa-arrow-right\"><\/i>\t\t\t<\/span>\n\t\t\t\t\t\t\t\t\t<span class=\"elementor-button-text\">GU\u00cdA: C\u00f3mo hacer una copia de OneDrive<\/span>\n\t\t\t\t\t<\/span>\n\t\t\t\t\t<\/a>\n\t\t\t\t<\/div>\n\t\t\t\t\t\t\t\t<\/div>\n\t\t\t\t<\/div>\n\t\t\t\t\t<\/div>\n\t\t<\/div>\n\t\t\t\t\t<\/div>\n\t\t<\/section>\n\t\t\t\t<\/div>\n\t\t","protected":false},"excerpt":{"rendered":"<p>CORREO ABOGAC\u00cdA &#8211; NUEVO PLANCambios en el servicio de correo electr\u00f3nico @icacordoba.es Los colegiados deber\u00e1n indicar, con car\u00e1cter vinculante, si optan por mantener su cuenta de correo electr\u00f3nico con dominio @icacordoba.es conforme a las nuevas condiciones ofertadas El Consejo General de la Abogac\u00eda Espa\u00f1ola ha comunicado a todos los titulares de una cuenta de correo [&hellip;]<\/p>\n","protected":false},"author":1,"featured_media":0,"comment_status":"open","ping_status":"open","sticky":false,"template":"","format":"standard","meta":{"footnotes":""},"categories":[1],"tags":[],"class_list":["post-15655","post","type-post","status-publish","format-standard","hentry","category-uncategorized"],"_links":{"self":[{"href":"https:\/\/cms.icacordoba.23sd.es\/index.php\/wp-json\/wp\/v2\/posts\/15655","targetHints":{"allow":["GET"]}}],"collection":[{"href":"https:\/\/cms.icacordoba.23sd.es\/index.php\/wp-json\/wp\/v2\/posts"}],"about":[{"href":"https:\/\/cms.icacordoba.23sd.es\/index.php\/wp-json\/wp\/v2\/types\/post"}],"author":[{"embeddable":true,"href":"https:\/\/cms.icacordoba.23sd.es\/index.php\/wp-json\/wp\/v2\/users\/1"}],"replies":[{"embeddable":true,"href":"https:\/\/cms.icacordoba.23sd.es\/index.php\/wp-json\/wp\/v2\/comments?post=15655"}],"version-history":[{"count":45,"href":"https:\/\/cms.icacordoba.23sd.es\/index.php\/wp-json\/wp\/v2\/posts\/15655\/revisions"}],"predecessor-version":[{"id":16081,"href":"https:\/\/cms.icacordoba.23sd.es\/index.php\/wp-json\/wp\/v2\/posts\/15655\/revisions\/16081"}],"wp:attachment":[{"href":"https:\/\/cms.icacordoba.23sd.es\/index.php\/wp-json\/wp\/v2\/media?parent=15655"}],"wp:term":[{"taxonomy":"category","embeddable":true,"href":"https:\/\/cms.icacordoba.23sd.es\/index.php\/wp-json\/wp\/v2\/categories?post=15655"},{"taxonomy":"post_tag","embeddable":true,"href":"https:\/\/cms.icacordoba.23sd.es\/index.php\/wp-json\/wp\/v2\/tags?post=15655"}],"curies":[{"name":"wp","href":"https:\/\/api.w.org\/{rel}","templated":true}]}}