{"id":15609,"date":"2025-04-30T16:36:02","date_gmt":"2025-04-30T16:36:02","guid":{"rendered":"https:\/\/cms.icacordoba.23sd.es\/index.php\/15609\/"},"modified":"2025-04-30T17:33:11","modified_gmt":"2025-04-30T17:33:11","slug":"noticia-mesa-redonda-el-informe-psicosocial-en-los-procedimientos-de-familia","status":"publish","type":"post","link":"https:\/\/cms.icacordoba.23sd.es\/index.php\/15609\/","title":{"rendered":"NOTICIA \u00bb MESA REDONDA: El informe psicosocial en los procedimientos de Familia"},"content":{"rendered":"\t\t<div data-elementor-type=\"wp-post\" data-elementor-id=\"15609\" class=\"elementor elementor-15609\" data-elementor-post-type=\"post\">\n\t\t\t\t\t\t<section class=\"elementor-section elementor-top-section elementor-element elementor-element-4ea0347 elementor-section-full_width elementor-section-height-default elementor-section-height-default\" data-id=\"4ea0347\" data-element_type=\"section\" data-e-type=\"section\">\n\t\t\t\t\t\t<div class=\"elementor-container elementor-column-gap-default\">\n\t\t\t\t\t<div class=\"elementor-column elementor-col-66 elementor-top-column elementor-element elementor-element-478c52b\" data-id=\"478c52b\" data-element_type=\"column\" data-e-type=\"column\">\n\t\t\t<div class=\"elementor-widget-wrap elementor-element-populated\">\n\t\t\t\t\t\t<div class=\"elementor-element elementor-element-c1f7b19 elementor-widget__width-initial elementor-widget elementor-widget-text-editor\" data-id=\"c1f7b19\" data-element_type=\"widget\" data-e-type=\"widget\" data-widget_type=\"text-editor.default\">\n\t\t\t\t<div class=\"elementor-widget-container\">\n\t\t\t\t\t\t\t\t\t<p><span style=\"font-size: 1rem;\">La Comisi\u00f3n de Familia organiza el pr\u00f3ximo 7 de mayo una mesa redonda titulada &#8216;El informe psicosocial en los procedimientos de familia&#8217; que tendr\u00e1 lugar en horario de 18:30 h a 20 h en el sal\u00f3n de actos de la sede colegial.<\/span><\/p><p><span style=\"font-size: 1rem; background-color: transparent;\">Intervendr\u00e1n\u00a0<\/span><\/p><ul><li><span style=\"font-size: 1rem;\"><b>CAROLINA ARANGUREN BAENA<\/b>, Magistrada del Juzgado de Primera Instancia n\u00aa 3 de C\u00f3rdoba.<\/span><\/li><li><b>JOS\u00c9 S\u00c1EZ RODR\u00cdGUEZ,<\/b> Director del Instituto de Medicina Legal y Ciencias Forenses de C\u00f3rdoba.<\/li><\/ul>\t\t\t\t\t\t\t\t<\/div>\n\t\t\t\t<\/div>\n\t\t\t\t<div class=\"elementor-element elementor-element-fa08a8f elementor-widget__width-initial elementor-widget-divider--view-line elementor-widget elementor-widget-divider\" data-id=\"fa08a8f\" data-element_type=\"widget\" data-e-type=\"widget\" data-widget_type=\"divider.default\">\n\t\t\t\t<div class=\"elementor-widget-container\">\n\t\t\t\t\t\t\t<div class=\"elementor-divider\">\n\t\t\t<span class=\"elementor-divider-separator\">\n\t\t\t\t\t\t<\/span>\n\t\t<\/div>\n\t\t\t\t\t\t<\/div>\n\t\t\t\t<\/div>\n\t\t\t\t<div class=\"elementor-element elementor-element-6aca20a elementor-widget elementor-widget-heading\" data-id=\"6aca20a\" data-element_type=\"widget\" data-e-type=\"widget\" data-widget_type=\"heading.default\">\n\t\t\t\t<div class=\"elementor-widget-container\">\n\t\t\t\t\t<h5 class=\"elementor-heading-title elementor-size-default\">INSCRIPCI\u00d3N<\/h5>\t\t\t\t<\/div>\n\t\t\t\t<\/div>\n\t\t\t\t<div class=\"elementor-element elementor-element-c887e0b elementor-widget__width-initial elementor-widget elementor-widget-text-editor\" data-id=\"c887e0b\" data-element_type=\"widget\" data-e-type=\"widget\" data-widget_type=\"text-editor.default\">\n\t\t\t\t<div class=\"elementor-widget-container\">\n\t\t\t\t\t\t\t\t\t<p><strong>A esta jornada se podr\u00e1 asistir EXCLUSIVAMENTE EN MODALIDAD PRESENCIAL<\/strong>, previa inscripci\u00f3n.<\/p><p><strong>COSTE DE LA INSCRIPCI\u00d3N:<\/strong><\/p><ul><li>COLEGIADOS ICA-C\u00d3RDOBA: GRATUITO<\/li><li>OTROS PROFESIONALES: 10 \u20ac<\/li><\/ul><div>\u00a0<\/div><div>Puede realizar la inscripci\u00f3n a trav\u00e9s del formulario online.\u00a0<\/div><div>Si no es colegiado, una vez cumplimentado el formulario, deber\u00e1 realizar el ingreso en el n\u00famero de cuenta Banco Santander: ES06 0030 4001 99 0003627271.<\/div><div>Para que la inscripci\u00f3n quede formalizada ser\u00e1 necesario remitir al correo <a href=\"mailto:contabilidad@icacordoba.es\" target=\"_blank\" rel=\"noopener\">contabilidad@icacordoba.es<\/a> el justificante del ingreso bancario.<\/div>\t\t\t\t\t\t\t\t<\/div>\n\t\t\t\t<\/div>\n\t\t\t\t<div class=\"elementor-element elementor-element-a698680 elementor-widget__width-initial elementor-widget-divider--view-line elementor-widget elementor-widget-divider\" data-id=\"a698680\" data-element_type=\"widget\" data-e-type=\"widget\" data-widget_type=\"divider.default\">\n\t\t\t\t<div class=\"elementor-widget-container\">\n\t\t\t\t\t\t\t<div class=\"elementor-divider\">\n\t\t\t<span class=\"elementor-divider-separator\">\n\t\t\t\t\t\t<\/span>\n\t\t<\/div>\n\t\t\t\t\t\t<\/div>\n\t\t\t\t<\/div>\n\t\t\t\t<div class=\"elementor-element elementor-element-051eccd elementor-button-info elementor-align-left elementor-widget elementor-widget-button\" data-id=\"051eccd\" data-element_type=\"widget\" data-e-type=\"widget\" data-widget_type=\"button.default\">\n\t\t\t\t<div class=\"elementor-widget-container\">\n\t\t\t\t\t\t\t\t\t<div class=\"elementor-button-wrapper\">\n\t\t\t\t\t<a class=\"elementor-button elementor-button-link elementor-size-sm\" href=\"https:\/\/forms.office.com\/e\/G5yAzjfjNZ\" target=\"_blank\">\n\t\t\t\t\t\t<span class=\"elementor-button-content-wrapper\">\n\t\t\t\t\t\t\t\t\t<span class=\"elementor-button-text\">INSCRIPCI\u00d3N AQU\u00cd<\/span>\n\t\t\t\t\t<\/span>\n\t\t\t\t\t<\/a>\n\t\t\t\t<\/div>\n\t\t\t\t\t\t\t\t<\/div>\n\t\t\t\t<\/div>\n\t\t\t\t\t<\/div>\n\t\t<\/div>\n\t\t\t\t<div class=\"elementor-column elementor-col-33 elementor-top-column elementor-element elementor-element-71d5e1a\" data-id=\"71d5e1a\" data-element_type=\"column\" data-e-type=\"column\">\n\t\t\t<div class=\"elementor-widget-wrap elementor-element-populated\">\n\t\t\t\t\t\t<div class=\"elementor-element elementor-element-785e4e1 elementor-widget elementor-widget-image\" data-id=\"785e4e1\" data-element_type=\"widget\" data-e-type=\"widget\" data-widget_type=\"image.default\">\n\t\t\t\t<div class=\"elementor-widget-container\">\n\t\t\t\t\t\t\t\t\t\t\t\t\t\t\t\t<a href=\"https:\/\/forms.office.com\/e\/G5yAzjfjNZ\" target=\"_blank\">\n\t\t\t\t\t\t\t<img fetchpriority=\"high\" decoding=\"async\" width=\"800\" height=\"671\" src=\"https:\/\/cms.icacordoba.23sd.es\/wp-content\/uploads\/2025\/04\/Mesa-Redonda-Familia-Informe-Psicosocial.png\" class=\"attachment-large size-large wp-image-15611\" alt=\"\" srcset=\"https:\/\/cms.icacordoba.23sd.es\/wp-content\/uploads\/2025\/04\/Mesa-Redonda-Familia-Informe-Psicosocial.png 940w, https:\/\/cms.icacordoba.23sd.es\/wp-content\/uploads\/2025\/04\/Mesa-Redonda-Familia-Informe-Psicosocial-300x251.png 300w, https:\/\/cms.icacordoba.23sd.es\/wp-content\/uploads\/2025\/04\/Mesa-Redonda-Familia-Informe-Psicosocial-768x644.png 768w\" sizes=\"(max-width: 800px) 100vw, 800px\" \/>\t\t\t\t\t\t\t\t<\/a>\n\t\t\t\t\t\t\t\t\t\t\t\t\t\t\t<\/div>\n\t\t\t\t<\/div>\n\t\t\t\t\t<\/div>\n\t\t<\/div>\n\t\t\t\t\t<\/div>\n\t\t<\/section>\n\t\t\t\t<\/div>\n\t\t","protected":false},"excerpt":{"rendered":"<p>La Comisi\u00f3n de Familia organiza el pr\u00f3ximo 7 de mayo una mesa redonda titulada &#8216;El informe psicosocial en los procedimientos de familia&#8217; que tendr\u00e1 lugar en horario de 18:30 h a 20 h en el sal\u00f3n de actos de la sede colegial. Intervendr\u00e1n\u00a0 CAROLINA ARANGUREN BAENA, Magistrada del Juzgado de Primera Instancia n\u00aa 3 de [&hellip;]<\/p>\n","protected":false},"author":1,"featured_media":0,"comment_status":"open","ping_status":"open","sticky":false,"template":"","format":"standard","meta":{"footnotes":""},"categories":[1],"tags":[],"class_list":["post-15609","post","type-post","status-publish","format-standard","hentry","category-uncategorized"],"_links":{"self":[{"href":"https:\/\/cms.icacordoba.23sd.es\/index.php\/wp-json\/wp\/v2\/posts\/15609","targetHints":{"allow":["GET"]}}],"collection":[{"href":"https:\/\/cms.icacordoba.23sd.es\/index.php\/wp-json\/wp\/v2\/posts"}],"about":[{"href":"https:\/\/cms.icacordoba.23sd.es\/index.php\/wp-json\/wp\/v2\/types\/post"}],"author":[{"embeddable":true,"href":"https:\/\/cms.icacordoba.23sd.es\/index.php\/wp-json\/wp\/v2\/users\/1"}],"replies":[{"embeddable":true,"href":"https:\/\/cms.icacordoba.23sd.es\/index.php\/wp-json\/wp\/v2\/comments?post=15609"}],"version-history":[{"count":3,"href":"https:\/\/cms.icacordoba.23sd.es\/index.php\/wp-json\/wp\/v2\/posts\/15609\/revisions"}],"predecessor-version":[{"id":15615,"href":"https:\/\/cms.icacordoba.23sd.es\/index.php\/wp-json\/wp\/v2\/posts\/15609\/revisions\/15615"}],"wp:attachment":[{"href":"https:\/\/cms.icacordoba.23sd.es\/index.php\/wp-json\/wp\/v2\/media?parent=15609"}],"wp:term":[{"taxonomy":"category","embeddable":true,"href":"https:\/\/cms.icacordoba.23sd.es\/index.php\/wp-json\/wp\/v2\/categories?post=15609"},{"taxonomy":"post_tag","embeddable":true,"href":"https:\/\/cms.icacordoba.23sd.es\/index.php\/wp-json\/wp\/v2\/tags?post=15609"}],"curies":[{"name":"wp","href":"https:\/\/api.w.org\/{rel}","templated":true}]}}