{"id":15513,"date":"2025-04-15T12:00:46","date_gmt":"2025-04-15T12:00:46","guid":{"rendered":"https:\/\/cms.icacordoba.23sd.es\/index.php\/15513\/"},"modified":"2025-04-15T12:07:06","modified_gmt":"2025-04-15T12:07:06","slug":"noticia-el-cadeca-reclama-maxima-celeridad-en-la-tramitacion-de-la-pasarela-al-reta-para-mutualistas","status":"publish","type":"post","link":"https:\/\/cms.icacordoba.23sd.es\/index.php\/15513\/","title":{"rendered":"NOTICIA \u00bb El CADECA reclama m\u00e1xima celeridad en la tramitaci\u00f3n de la pasarela al RETA para mutualistas"},"content":{"rendered":"\t\t<div data-elementor-type=\"wp-post\" data-elementor-id=\"15513\" class=\"elementor elementor-15513\" data-elementor-post-type=\"post\">\n\t\t\t\t\t\t<section class=\"elementor-section elementor-top-section elementor-element elementor-element-10a4131 elementor-section-boxed elementor-section-height-default elementor-section-height-default\" data-id=\"10a4131\" data-element_type=\"section\" data-e-type=\"section\">\n\t\t\t\t\t\t<div class=\"elementor-container elementor-column-gap-default\">\n\t\t\t\t\t<div class=\"elementor-column elementor-col-100 elementor-top-column elementor-element elementor-element-126eea0\" data-id=\"126eea0\" data-element_type=\"column\" data-e-type=\"column\">\n\t\t\t<div class=\"elementor-widget-wrap elementor-element-populated\">\n\t\t\t\t\t\t<div class=\"elementor-element elementor-element-2d9b48b elementor-widget elementor-widget-text-editor\" data-id=\"2d9b48b\" data-element_type=\"widget\" data-e-type=\"widget\" data-widget_type=\"text-editor.default\">\n\t\t\t\t<div class=\"elementor-widget-container\">\n\t\t\t\t\t\t\t\t\t<p>Desde el Consejo Andaluz de Colegios de Abogados (CADECA) nos informan de su total apoyo a las gestiones llevadas a cabo por el Consejo General de la Abogac\u00eda Espa\u00f1ola (CGAE) para impulsar la tramitaci\u00f3n de la ley que har\u00e1 posible la pasarela al R\u00e9gimen Especial de Trabajadores Aut\u00f3nomos (RETA) para los abogados mutualistas.<\/p><p>En este sentido, el CADECA comparte la preocupaci\u00f3n expresada por el presidente del CGAE, Salvador Gonz\u00e1lez, sobre la grave situaci\u00f3n que atraviesan miles de abogados mutualistas, cuyas expectativas de pensi\u00f3n no garantizan una jubilaci\u00f3n digna. Por ello, valora muy positivamente el compromiso manifestado de impulsar con car\u00e1cter de urgencia esta proposici\u00f3n de ley y apela al conjunto de las fuerzas parlamentarias para que contribuyan a acelerar al m\u00e1ximo los tr\u00e1mites necesarios.<\/p><p>Es imprescindible, a\u00f1ade, que el inicio de la tramitaci\u00f3n no se demore m\u00e1s all\u00e1 de este periodo de sesiones y que el debate parlamentario se inicie cuanto antes a partir del texto registrado en noviembre, con plena apertura al di\u00e1logo y al consenso.<\/p><p>Asimismo, el CADECA considera esencial que esta medida se materialice dentro del presente a\u00f1o 2025, como soluci\u00f3n a un problema estructural que afecta de forma directa al bienestar futuro de una parte muy importante de la abogac\u00eda.<\/p>\t\t\t\t\t\t\t\t<\/div>\n\t\t\t\t<\/div>\n\t\t\t\t<div class=\"elementor-element elementor-element-445033c elementor-button-info elementor-widget elementor-widget-button\" data-id=\"445033c\" data-element_type=\"widget\" data-e-type=\"widget\" data-widget_type=\"button.default\">\n\t\t\t\t<div class=\"elementor-widget-container\">\n\t\t\t\t\t\t\t\t\t<div class=\"elementor-button-wrapper\">\n\t\t\t\t\t<a class=\"elementor-button elementor-button-link elementor-size-sm\" href=\"https:\/\/cms.icacordoba.23sd.es\/wp-content\/uploads\/2025\/04\/2025-04-15-NP-El-CADECA-se-adhiere-a-las-gestiones-del-CGAE-y-reclama-maxima-celeridad-en-la-tramitacion-de-la-pasarela-al-RETA-para-los-mutualistas.pdf\" target=\"_blank\">\n\t\t\t\t\t\t<span class=\"elementor-button-content-wrapper\">\n\t\t\t\t\t\t\t\t\t<span class=\"elementor-button-text\">NOTA DEL CONSEJO ANDALUZ DE COLEGIOS DE ABOGADOS - 15 DE ABRIL DE 2025<\/span>\n\t\t\t\t\t<\/span>\n\t\t\t\t\t<\/a>\n\t\t\t\t<\/div>\n\t\t\t\t\t\t\t\t<\/div>\n\t\t\t\t<\/div>\n\t\t\t\t\t<\/div>\n\t\t<\/div>\n\t\t\t\t\t<\/div>\n\t\t<\/section>\n\t\t\t\t<\/div>\n\t\t","protected":false},"excerpt":{"rendered":"<p>Desde el Consejo Andaluz de Colegios de Abogados (CADECA) nos informan de su total apoyo a las gestiones llevadas a cabo por el Consejo General de la Abogac\u00eda Espa\u00f1ola (CGAE) para impulsar la tramitaci\u00f3n de la ley que har\u00e1 posible la pasarela al R\u00e9gimen Especial de Trabajadores Aut\u00f3nomos (RETA) para los abogados mutualistas. En este [&hellip;]<\/p>\n","protected":false},"author":1,"featured_media":0,"comment_status":"open","ping_status":"open","sticky":false,"template":"","format":"standard","meta":{"footnotes":""},"categories":[1],"tags":[],"class_list":["post-15513","post","type-post","status-publish","format-standard","hentry","category-uncategorized"],"_links":{"self":[{"href":"https:\/\/cms.icacordoba.23sd.es\/index.php\/wp-json\/wp\/v2\/posts\/15513","targetHints":{"allow":["GET"]}}],"collection":[{"href":"https:\/\/cms.icacordoba.23sd.es\/index.php\/wp-json\/wp\/v2\/posts"}],"about":[{"href":"https:\/\/cms.icacordoba.23sd.es\/index.php\/wp-json\/wp\/v2\/types\/post"}],"author":[{"embeddable":true,"href":"https:\/\/cms.icacordoba.23sd.es\/index.php\/wp-json\/wp\/v2\/users\/1"}],"replies":[{"embeddable":true,"href":"https:\/\/cms.icacordoba.23sd.es\/index.php\/wp-json\/wp\/v2\/comments?post=15513"}],"version-history":[{"count":9,"href":"https:\/\/cms.icacordoba.23sd.es\/index.php\/wp-json\/wp\/v2\/posts\/15513\/revisions"}],"predecessor-version":[{"id":15523,"href":"https:\/\/cms.icacordoba.23sd.es\/index.php\/wp-json\/wp\/v2\/posts\/15513\/revisions\/15523"}],"wp:attachment":[{"href":"https:\/\/cms.icacordoba.23sd.es\/index.php\/wp-json\/wp\/v2\/media?parent=15513"}],"wp:term":[{"taxonomy":"category","embeddable":true,"href":"https:\/\/cms.icacordoba.23sd.es\/index.php\/wp-json\/wp\/v2\/categories?post=15513"},{"taxonomy":"post_tag","embeddable":true,"href":"https:\/\/cms.icacordoba.23sd.es\/index.php\/wp-json\/wp\/v2\/tags?post=15513"}],"curies":[{"name":"wp","href":"https:\/\/api.w.org\/{rel}","templated":true}]}}