{"id":15281,"date":"2025-04-08T09:18:53","date_gmt":"2025-04-08T09:18:53","guid":{"rendered":"https:\/\/cms.icacordoba.23sd.es\/index.php\/15281\/"},"modified":"2025-04-08T09:33:25","modified_gmt":"2025-04-08T09:33:25","slug":"noticia-iii-jornadas-juridicas-palma-del-rio-la-proteccion-de-los-derechos-de-los-ciudadanos-ante-los-tribunales","status":"publish","type":"post","link":"https:\/\/cms.icacordoba.23sd.es\/index.php\/15281\/","title":{"rendered":"NOTICIA \u00bb III Jornadas Jur\u00eddicas Palma del Rio. La protecci\u00f3n de los derechos de los ciudadanos ante los tribunales"},"content":{"rendered":"\t\t<div data-elementor-type=\"wp-post\" data-elementor-id=\"15281\" class=\"elementor elementor-15281\" data-elementor-post-type=\"post\">\n\t\t\t\t\t\t<section class=\"elementor-section elementor-top-section elementor-element elementor-element-6f748ff elementor-section-full_width elementor-section-height-default elementor-section-height-default\" data-id=\"6f748ff\" data-element_type=\"section\" data-e-type=\"section\">\n\t\t\t\t\t\t<div class=\"elementor-container elementor-column-gap-default\">\n\t\t\t\t\t<div class=\"elementor-column elementor-col-50 elementor-top-column elementor-element elementor-element-3d0bd2c\" data-id=\"3d0bd2c\" data-element_type=\"column\" data-e-type=\"column\">\n\t\t\t<div class=\"elementor-widget-wrap elementor-element-populated\">\n\t\t\t\t\t\t<div class=\"elementor-element elementor-element-96007e6 elementor-widget elementor-widget-text-editor\" data-id=\"96007e6\" data-element_type=\"widget\" data-e-type=\"widget\" data-widget_type=\"text-editor.default\">\n\t\t\t\t<div class=\"elementor-widget-container\">\n\t\t\t\t\t\t\t\t\t<p>El 25 de abril se celebran en Palma del R\u00edo las III Jornadas Jur\u00eddicas tituladas &#8216;La protecci\u00f3n de los Derechos de los ciudadanos ante los Tribunales&#8217; organizadas por la Asociaci\u00f3n de Empresarios de Palma del R\u00edo con el apoyo del Ayuntamiento de la localidad y la colaboraci\u00f3n del Colegio.<\/p><p><span style=\"color: var( --e-global-color-56bca6c ); font-family: var( --e-global-typography-text-font-family ); font-weight: var( --e-global-typography-text-font-weight ); font-size: 1rem;\">Tendr\u00e1n lugar en el Hotel Monasterio de San Francisco.<\/span><\/p><p>La asistencia es libre y gratuita hasta completar aforo.<\/p><p><a href=\"https:\/\/cms.icacordoba.23sd.es\/wp-content\/uploads\/2025\/04\/Programa.pdf\" target=\"_blank\" rel=\"noopener\">DESCARGA EL PROGRAMA<\/a><\/p>\t\t\t\t\t\t\t\t<\/div>\n\t\t\t\t<\/div>\n\t\t\t\t<div class=\"elementor-element elementor-element-91ed581 elementor-widget elementor-widget-image\" data-id=\"91ed581\" data-element_type=\"widget\" data-e-type=\"widget\" data-widget_type=\"image.default\">\n\t\t\t\t<div class=\"elementor-widget-container\">\n\t\t\t\t\t\t\t\t\t\t\t\t\t\t\t\t<a href=\"https:\/\/cms.icacordoba.23sd.es\/wp-content\/uploads\/2025\/04\/Programa.pdf\" target=\"_blank\">\n\t\t\t\t\t\t\t<img fetchpriority=\"high\" decoding=\"async\" width=\"1400\" height=\"715\" src=\"https:\/\/cms.icacordoba.23sd.es\/wp-content\/uploads\/2025\/04\/Jornadas-Palma-del-Rio_noticia.png\" class=\"attachment-full size-full wp-image-15299\" alt=\"\" srcset=\"https:\/\/cms.icacordoba.23sd.es\/wp-content\/uploads\/2025\/04\/Jornadas-Palma-del-Rio_noticia.png 1400w, https:\/\/cms.icacordoba.23sd.es\/wp-content\/uploads\/2025\/04\/Jornadas-Palma-del-Rio_noticia-300x153.png 300w, https:\/\/cms.icacordoba.23sd.es\/wp-content\/uploads\/2025\/04\/Jornadas-Palma-del-Rio_noticia-1024x523.png 1024w, https:\/\/cms.icacordoba.23sd.es\/wp-content\/uploads\/2025\/04\/Jornadas-Palma-del-Rio_noticia-768x392.png 768w\" sizes=\"(max-width: 1400px) 100vw, 1400px\" \/>\t\t\t\t\t\t\t\t<\/a>\n\t\t\t\t\t\t\t\t\t\t\t\t\t\t\t<\/div>\n\t\t\t\t<\/div>\n\t\t\t\t\t<\/div>\n\t\t<\/div>\n\t\t\t\t<div class=\"elementor-column elementor-col-50 elementor-top-column elementor-element elementor-element-24ca599\" data-id=\"24ca599\" data-element_type=\"column\" data-e-type=\"column\">\n\t\t\t<div class=\"elementor-widget-wrap elementor-element-populated\">\n\t\t\t\t\t\t<div class=\"elementor-element elementor-element-85cba10 elementor-widget__width-auto elementor-widget elementor-widget-image\" data-id=\"85cba10\" data-element_type=\"widget\" data-e-type=\"widget\" data-widget_type=\"image.default\">\n\t\t\t\t<div class=\"elementor-widget-container\">\n\t\t\t\t\t\t\t\t\t\t\t\t\t\t\t<img decoding=\"async\" width=\"1131\" height=\"1600\" src=\"https:\/\/cms.icacordoba.23sd.es\/wp-content\/uploads\/2025\/04\/Jornadas-Palma-del-Rio.jpg\" class=\"attachment-full size-full wp-image-15282\" alt=\"III Jornadas Palma del R\u00edo\" srcset=\"https:\/\/cms.icacordoba.23sd.es\/wp-content\/uploads\/2025\/04\/Jornadas-Palma-del-Rio.jpg 1131w, https:\/\/cms.icacordoba.23sd.es\/wp-content\/uploads\/2025\/04\/Jornadas-Palma-del-Rio-212x300.jpg 212w, https:\/\/cms.icacordoba.23sd.es\/wp-content\/uploads\/2025\/04\/Jornadas-Palma-del-Rio-724x1024.jpg 724w, https:\/\/cms.icacordoba.23sd.es\/wp-content\/uploads\/2025\/04\/Jornadas-Palma-del-Rio-768x1086.jpg 768w, https:\/\/cms.icacordoba.23sd.es\/wp-content\/uploads\/2025\/04\/Jornadas-Palma-del-Rio-1086x1536.jpg 1086w\" sizes=\"(max-width: 1131px) 100vw, 1131px\" \/>\t\t\t\t\t\t\t\t\t\t\t\t\t\t\t<\/div>\n\t\t\t\t<\/div>\n\t\t\t\t\t<\/div>\n\t\t<\/div>\n\t\t\t\t\t<\/div>\n\t\t<\/section>\n\t\t\t\t<\/div>\n\t\t","protected":false},"excerpt":{"rendered":"<p>El 25 de abril se celebran en Palma del R\u00edo las III Jornadas Jur\u00eddicas tituladas &#8216;La protecci\u00f3n de los Derechos de los ciudadanos ante los Tribunales&#8217; organizadas por la Asociaci\u00f3n de Empresarios de Palma del R\u00edo con el apoyo del Ayuntamiento de la localidad y la colaboraci\u00f3n del Colegio. Tendr\u00e1n lugar en el Hotel Monasterio [&hellip;]<\/p>\n","protected":false},"author":1,"featured_media":0,"comment_status":"open","ping_status":"open","sticky":false,"template":"","format":"standard","meta":{"footnotes":""},"categories":[1],"tags":[],"class_list":["post-15281","post","type-post","status-publish","format-standard","hentry","category-uncategorized"],"_links":{"self":[{"href":"https:\/\/cms.icacordoba.23sd.es\/index.php\/wp-json\/wp\/v2\/posts\/15281","targetHints":{"allow":["GET"]}}],"collection":[{"href":"https:\/\/cms.icacordoba.23sd.es\/index.php\/wp-json\/wp\/v2\/posts"}],"about":[{"href":"https:\/\/cms.icacordoba.23sd.es\/index.php\/wp-json\/wp\/v2\/types\/post"}],"author":[{"embeddable":true,"href":"https:\/\/cms.icacordoba.23sd.es\/index.php\/wp-json\/wp\/v2\/users\/1"}],"replies":[{"embeddable":true,"href":"https:\/\/cms.icacordoba.23sd.es\/index.php\/wp-json\/wp\/v2\/comments?post=15281"}],"version-history":[{"count":18,"href":"https:\/\/cms.icacordoba.23sd.es\/index.php\/wp-json\/wp\/v2\/posts\/15281\/revisions"}],"predecessor-version":[{"id":15302,"href":"https:\/\/cms.icacordoba.23sd.es\/index.php\/wp-json\/wp\/v2\/posts\/15281\/revisions\/15302"}],"wp:attachment":[{"href":"https:\/\/cms.icacordoba.23sd.es\/index.php\/wp-json\/wp\/v2\/media?parent=15281"}],"wp:term":[{"taxonomy":"category","embeddable":true,"href":"https:\/\/cms.icacordoba.23sd.es\/index.php\/wp-json\/wp\/v2\/categories?post=15281"},{"taxonomy":"post_tag","embeddable":true,"href":"https:\/\/cms.icacordoba.23sd.es\/index.php\/wp-json\/wp\/v2\/tags?post=15281"}],"curies":[{"name":"wp","href":"https:\/\/api.w.org\/{rel}","templated":true}]}}