{"id":15077,"date":"2025-03-18T17:02:15","date_gmt":"2025-03-18T17:02:15","guid":{"rendered":"https:\/\/cms.icacordoba.23sd.es\/index.php\/15077\/"},"modified":"2025-03-18T17:20:13","modified_gmt":"2025-03-18T17:20:13","slug":"noticia-encuentro-juridico-aja","status":"publish","type":"post","link":"https:\/\/cms.icacordoba.23sd.es\/index.php\/15077\/","title":{"rendered":"NOTICIA \u00bb Encuentro Jur\u00eddico AJA &#8211;"},"content":{"rendered":"\t\t<div data-elementor-type=\"wp-post\" data-elementor-id=\"15077\" class=\"elementor elementor-15077\" data-elementor-post-type=\"post\">\n\t\t\t\t\t\t<section class=\"elementor-section elementor-top-section elementor-element elementor-element-696f532 elementor-section-full_width elementor-section-height-default elementor-section-height-default\" data-id=\"696f532\" data-element_type=\"section\" data-e-type=\"section\">\n\t\t\t\t\t\t<div class=\"elementor-container elementor-column-gap-default\">\n\t\t\t\t\t<div class=\"elementor-column elementor-col-66 elementor-top-column elementor-element elementor-element-c801424\" data-id=\"c801424\" data-element_type=\"column\" data-e-type=\"column\">\n\t\t\t<div class=\"elementor-widget-wrap elementor-element-populated\">\n\t\t\t\t\t\t<div class=\"elementor-element elementor-element-8aa6a85 elementor-widget__width-initial elementor-widget elementor-widget-text-editor\" data-id=\"8aa6a85\" data-element_type=\"widget\" data-e-type=\"widget\" data-widget_type=\"text-editor.default\">\n\t\t\t\t<div class=\"elementor-widget-container\">\n\t\t\t\t\t\t\t\t\t<p>La Agrupaci\u00f3n de J\u00f3venes Abogados organiza un nuevo encuentro jur\u00eddico a celebrar el pr\u00f3ximo 27 de marzo a las 19.30 horas en el sal\u00f3n de actos de la sede colegial.<\/p><p>Titulado <b>&#8216;Claves para la pr\u00e1ctica de la Abogac\u00eda en la Jurisdicci\u00f3n Contencioso-Administrativa tras la reforma de su ley reguladora&#8217; <\/b>contar\u00e1 con la intervenci\u00f3n de <strong>Antonio Ben\u00edtez Ostos<\/strong>, abogado, socio director de Administrativando.<\/p><p><b><\/b>La asistencia a este encuentro jur\u00eddico es exclusivamente presencial, no siendo necesario realizar inscripci\u00f3n previa.<\/p><p>La entrada est\u00e1 limitada al aforo del sal\u00f3n de actos.<\/p><p>Tras el encuentro jur\u00eddico, y como es habitual, se ofrecer\u00e1 un refresco para que podamos comentar distendidamente todo lo relacionado con la materia.<\/p><p>Esperamos que resulte de vuestro inter\u00e9s y contar con vuestra asistencia.<\/p>\t\t\t\t\t\t\t\t<\/div>\n\t\t\t\t<\/div>\n\t\t\t\t\t<\/div>\n\t\t<\/div>\n\t\t\t\t<div class=\"elementor-column elementor-col-33 elementor-top-column elementor-element elementor-element-c7acf50\" data-id=\"c7acf50\" data-element_type=\"column\" data-e-type=\"column\">\n\t\t\t<div class=\"elementor-widget-wrap elementor-element-populated\">\n\t\t\t\t\t\t<div class=\"elementor-element elementor-element-2e2288c elementor-widget__width-initial elementor-widget elementor-widget-image\" data-id=\"2e2288c\" data-element_type=\"widget\" data-e-type=\"widget\" data-widget_type=\"image.default\">\n\t\t\t\t<div class=\"elementor-widget-container\">\n\t\t\t\t\t\t\t\t\t\t\t\t\t\t\t<img fetchpriority=\"high\" decoding=\"async\" width=\"1080\" height=\"1080\" src=\"https:\/\/cms.icacordoba.23sd.es\/wp-content\/uploads\/2025\/03\/Evento-Juridico_Marzo-2025.jpg\" class=\"attachment-full size-full wp-image-15078\" alt=\"\" srcset=\"https:\/\/cms.icacordoba.23sd.es\/wp-content\/uploads\/2025\/03\/Evento-Juridico_Marzo-2025.jpg 1080w, https:\/\/cms.icacordoba.23sd.es\/wp-content\/uploads\/2025\/03\/Evento-Juridico_Marzo-2025-300x300.jpg 300w, https:\/\/cms.icacordoba.23sd.es\/wp-content\/uploads\/2025\/03\/Evento-Juridico_Marzo-2025-1024x1024.jpg 1024w, https:\/\/cms.icacordoba.23sd.es\/wp-content\/uploads\/2025\/03\/Evento-Juridico_Marzo-2025-150x150.jpg 150w, https:\/\/cms.icacordoba.23sd.es\/wp-content\/uploads\/2025\/03\/Evento-Juridico_Marzo-2025-768x768.jpg 768w\" sizes=\"(max-width: 1080px) 100vw, 1080px\" \/>\t\t\t\t\t\t\t\t\t\t\t\t\t\t\t<\/div>\n\t\t\t\t<\/div>\n\t\t\t\t\t<\/div>\n\t\t<\/div>\n\t\t\t\t\t<\/div>\n\t\t<\/section>\n\t\t\t\t<\/div>\n\t\t","protected":false},"excerpt":{"rendered":"<p>La Agrupaci\u00f3n de J\u00f3venes Abogados organiza un nuevo encuentro jur\u00eddico a celebrar el pr\u00f3ximo 27 de marzo a las 19.30 horas en el sal\u00f3n de actos de la sede colegial. Titulado &#8216;Claves para la pr\u00e1ctica de la Abogac\u00eda en la Jurisdicci\u00f3n Contencioso-Administrativa tras la reforma de su ley reguladora&#8217; contar\u00e1 con la intervenci\u00f3n de Antonio [&hellip;]<\/p>\n","protected":false},"author":1,"featured_media":0,"comment_status":"open","ping_status":"open","sticky":false,"template":"","format":"standard","meta":{"footnotes":""},"categories":[1],"tags":[],"class_list":["post-15077","post","type-post","status-publish","format-standard","hentry","category-uncategorized"],"_links":{"self":[{"href":"https:\/\/cms.icacordoba.23sd.es\/index.php\/wp-json\/wp\/v2\/posts\/15077","targetHints":{"allow":["GET"]}}],"collection":[{"href":"https:\/\/cms.icacordoba.23sd.es\/index.php\/wp-json\/wp\/v2\/posts"}],"about":[{"href":"https:\/\/cms.icacordoba.23sd.es\/index.php\/wp-json\/wp\/v2\/types\/post"}],"author":[{"embeddable":true,"href":"https:\/\/cms.icacordoba.23sd.es\/index.php\/wp-json\/wp\/v2\/users\/1"}],"replies":[{"embeddable":true,"href":"https:\/\/cms.icacordoba.23sd.es\/index.php\/wp-json\/wp\/v2\/comments?post=15077"}],"version-history":[{"count":3,"href":"https:\/\/cms.icacordoba.23sd.es\/index.php\/wp-json\/wp\/v2\/posts\/15077\/revisions"}],"predecessor-version":[{"id":15082,"href":"https:\/\/cms.icacordoba.23sd.es\/index.php\/wp-json\/wp\/v2\/posts\/15077\/revisions\/15082"}],"wp:attachment":[{"href":"https:\/\/cms.icacordoba.23sd.es\/index.php\/wp-json\/wp\/v2\/media?parent=15077"}],"wp:term":[{"taxonomy":"category","embeddable":true,"href":"https:\/\/cms.icacordoba.23sd.es\/index.php\/wp-json\/wp\/v2\/categories?post=15077"},{"taxonomy":"post_tag","embeddable":true,"href":"https:\/\/cms.icacordoba.23sd.es\/index.php\/wp-json\/wp\/v2\/tags?post=15077"}],"curies":[{"name":"wp","href":"https:\/\/api.w.org\/{rel}","templated":true}]}}