{"id":14930,"date":"2025-03-04T16:36:34","date_gmt":"2025-03-04T16:36:34","guid":{"rendered":"https:\/\/cms.icacordoba.23sd.es\/index.php\/14930\/"},"modified":"2025-03-06T09:31:43","modified_gmt":"2025-03-06T09:31:43","slug":"noticia-la-junta-de-gobierno-convoca-junta-general-ordinaria-2","status":"publish","type":"post","link":"https:\/\/cms.icacordoba.23sd.es\/index.php\/14930\/","title":{"rendered":"NOTICIA \u00bb La Junta de Gobierno convoca Junta General Ordinaria"},"content":{"rendered":"\t\t<div data-elementor-type=\"wp-post\" data-elementor-id=\"14930\" class=\"elementor elementor-14930\" data-elementor-post-type=\"post\">\n\t\t\t\t\t\t<section class=\"elementor-section elementor-top-section elementor-element elementor-element-8f6ffbf elementor-section-full_width elementor-reverse-tablet elementor-reverse-mobile elementor-section-height-default elementor-section-height-default\" data-id=\"8f6ffbf\" data-element_type=\"section\" data-e-type=\"section\">\n\t\t\t\t\t\t<div class=\"elementor-container elementor-column-gap-extended\">\n\t\t\t\t\t<div class=\"elementor-column elementor-col-66 elementor-top-column elementor-element elementor-element-38a5256\" data-id=\"38a5256\" data-element_type=\"column\" data-e-type=\"column\">\n\t\t\t<div class=\"elementor-widget-wrap elementor-element-populated\">\n\t\t\t\t\t\t<div class=\"elementor-element elementor-element-89b44a7 elementor-widget__width-initial elementor-widget elementor-widget-text-editor\" data-id=\"89b44a7\" data-element_type=\"widget\" data-e-type=\"widget\" data-widget_type=\"text-editor.default\">\n\t\t\t\t<div class=\"elementor-widget-container\">\n\t\t\t\t\t\t\t\t\t<p>A fin de dar cumplimiento a lo establecido en el art\u00edculo 82 del Real Decreto 135\/2021, de 2 de marzo, por el que se aprueba el Estatuto General de la Abogac\u00eda Espa\u00f1ola, y art\u00edculo 87.1 de los Estatutos de esta Corporaci\u00f3n, la Junta de Gobierno, en reuni\u00f3n mantenida ayer, acord\u00f3 convocar <strong>JUNTA GENERAL ORDINARIA<\/strong> a celebrar en la sede colegial el <strong>MI\u00c9RCOLES,<\/strong><strong> D\u00cdA 26 DE MARZO DE 2025, A LAS 9.30 HORAS<\/strong>, con arreglo al siguiente<\/p><p><strong><u>ORDEN DEL D\u00cdA:<\/u><\/strong><\/p><p>1\u00ba\/ Lectura y, en su caso, aprobaci\u00f3n del acta de la Junta General Ordinaria, celebrada el d\u00eda 6 de noviembre de 2024.<\/p><p>2\u00ba\/ Rese\u00f1a que har\u00e1 el Sr. Decano de los acontecimientos m\u00e1s importantes que han tenido lugar en el Colegio durante el a\u00f1o 2024.<\/p><p>3\u00ba\/ Examen y votaci\u00f3n de la cuenta general de gastos e ingresos correspondientes al ejercicio 2024.<\/p><p>4\u00ba\/ Ruegos y preguntas.<\/p><p>Accede a la Convocatoria y a la Cuenta General de Ingresos y Gastos del Colegio correspondiente al ejercicio 2024, que ser\u00e1 objeto de examen y, en su caso, aprobaci\u00f3n, conforme al punto 3\u00ba del orden del d\u00eda, en el apartado &#8216;Documentaci\u00f3n&#8217;.<\/p><p>Tambi\u00e9n est\u00e1 disponible el acta objeto de examen y, en su caso, aprobaci\u00f3n, conforme al punto 1\u00ba del Orden del D\u00eda.<\/p><p>Lu\u00eds Candel Dom\u00ednguez<\/p><p>SECRETARIO<\/p>\t\t\t\t\t\t\t\t<\/div>\n\t\t\t\t<\/div>\n\t\t\t\t\t<\/div>\n\t\t<\/div>\n\t\t\t\t<div class=\"elementor-column elementor-col-33 elementor-top-column elementor-element elementor-element-f137888\" data-id=\"f137888\" data-element_type=\"column\" data-e-type=\"column\">\n\t\t\t<div class=\"elementor-widget-wrap elementor-element-populated\">\n\t\t\t\t\t\t<div class=\"elementor-element elementor-element-8c951fe elementor-widget elementor-widget-heading\" data-id=\"8c951fe\" data-element_type=\"widget\" data-e-type=\"widget\" data-widget_type=\"heading.default\">\n\t\t\t\t<div class=\"elementor-widget-container\">\n\t\t\t\t\t<h6 class=\"elementor-heading-title elementor-size-default\">Documentaci\u00f3n<\/h6>\t\t\t\t<\/div>\n\t\t\t\t<\/div>\n\t\t\t\t<div class=\"elementor-element elementor-element-c3e48ed elementor-widget elementor-widget-text-editor\" data-id=\"c3e48ed\" data-element_type=\"widget\" data-e-type=\"widget\" data-widget_type=\"text-editor.default\">\n\t\t\t\t<div class=\"elementor-widget-container\">\n\t\t\t\t\t\t\t\t\t<ul><li><a href=\"https:\/\/cms.icacordoba.23sd.es\/wp-content\/uploads\/2025\/03\/CONVOCATORIA-JUNTA-GENERAL-ORDINARIA-26-03-25.pdf\" target=\"_blank\" rel=\"noopener\">CONVOCATORIA JUNTA GENERAL ORDINARIA &#8211; CUENTA DE INGRESOS Y GASTOS EJERCICIO 2024<\/a><\/li><\/ul>\t\t\t\t\t\t\t\t<\/div>\n\t\t\t\t<\/div>\n\t\t\t\t<div class=\"elementor-element elementor-element-c28a22d elementor-widget elementor-widget-text-editor\" data-id=\"c28a22d\" data-element_type=\"widget\" data-e-type=\"widget\" data-widget_type=\"text-editor.default\">\n\t\t\t\t<div class=\"elementor-widget-container\">\n\t\t\t\t\t\t\t\t\t<ul><li><a href=\"https:\/\/cms.icacordoba.23sd.es\/wp-content\/uploads\/2025\/03\/ACTA-JUNTA-GENERAL-6-NOVIEMBRE-2024_Ok.pdf\" target=\"_blank\" rel=\"noopener\">ACTA JUNTA GENERAL 6 NOVIEMBRE 2024<\/a><\/li><\/ul>\t\t\t\t\t\t\t\t<\/div>\n\t\t\t\t<\/div>\n\t\t\t\t\t<\/div>\n\t\t<\/div>\n\t\t\t\t\t<\/div>\n\t\t<\/section>\n\t\t\t\t<\/div>\n\t\t","protected":false},"excerpt":{"rendered":"<p>A fin de dar cumplimiento a lo establecido en el art\u00edculo 82 del Real Decreto 135\/2021, de 2 de marzo, por el que se aprueba el Estatuto General de la Abogac\u00eda Espa\u00f1ola, y art\u00edculo 87.1 de los Estatutos de esta Corporaci\u00f3n, la Junta de Gobierno, en reuni\u00f3n mantenida ayer, acord\u00f3 convocar JUNTA GENERAL ORDINARIA a [&hellip;]<\/p>\n","protected":false},"author":1,"featured_media":0,"comment_status":"open","ping_status":"open","sticky":false,"template":"","format":"standard","meta":{"footnotes":""},"categories":[1],"tags":[],"class_list":["post-14930","post","type-post","status-publish","format-standard","hentry","category-uncategorized"],"_links":{"self":[{"href":"https:\/\/cms.icacordoba.23sd.es\/index.php\/wp-json\/wp\/v2\/posts\/14930","targetHints":{"allow":["GET"]}}],"collection":[{"href":"https:\/\/cms.icacordoba.23sd.es\/index.php\/wp-json\/wp\/v2\/posts"}],"about":[{"href":"https:\/\/cms.icacordoba.23sd.es\/index.php\/wp-json\/wp\/v2\/types\/post"}],"author":[{"embeddable":true,"href":"https:\/\/cms.icacordoba.23sd.es\/index.php\/wp-json\/wp\/v2\/users\/1"}],"replies":[{"embeddable":true,"href":"https:\/\/cms.icacordoba.23sd.es\/index.php\/wp-json\/wp\/v2\/comments?post=14930"}],"version-history":[{"count":15,"href":"https:\/\/cms.icacordoba.23sd.es\/index.php\/wp-json\/wp\/v2\/posts\/14930\/revisions"}],"predecessor-version":[{"id":14955,"href":"https:\/\/cms.icacordoba.23sd.es\/index.php\/wp-json\/wp\/v2\/posts\/14930\/revisions\/14955"}],"wp:attachment":[{"href":"https:\/\/cms.icacordoba.23sd.es\/index.php\/wp-json\/wp\/v2\/media?parent=14930"}],"wp:term":[{"taxonomy":"category","embeddable":true,"href":"https:\/\/cms.icacordoba.23sd.es\/index.php\/wp-json\/wp\/v2\/categories?post=14930"},{"taxonomy":"post_tag","embeddable":true,"href":"https:\/\/cms.icacordoba.23sd.es\/index.php\/wp-json\/wp\/v2\/tags?post=14930"}],"curies":[{"name":"wp","href":"https:\/\/api.w.org\/{rel}","templated":true}]}}