{"id":14721,"date":"2025-02-13T09:46:44","date_gmt":"2025-02-13T09:46:44","guid":{"rendered":"https:\/\/cms.icacordoba.23sd.es\/index.php\/14721\/"},"modified":"2025-02-13T10:00:39","modified_gmt":"2025-02-13T10:00:39","slug":"noticia-convocatoria-asamblea-general-ordinaria-aja","status":"publish","type":"post","link":"https:\/\/cms.icacordoba.23sd.es\/index.php\/14721\/","title":{"rendered":"NOTICIA \u00bb CONVOCATORIA &#8211; Asamblea General Ordinaria AJA"},"content":{"rendered":"\t\t<div data-elementor-type=\"wp-post\" data-elementor-id=\"14721\" class=\"elementor elementor-14721\" data-elementor-post-type=\"post\">\n\t\t\t\t\t\t<section class=\"elementor-section elementor-top-section elementor-element elementor-element-80d0860 elementor-section-full_width elementor-section-height-default elementor-section-height-default\" data-id=\"80d0860\" data-element_type=\"section\" data-e-type=\"section\">\n\t\t\t\t\t\t<div class=\"elementor-container elementor-column-gap-default\">\n\t\t\t\t\t<div class=\"elementor-column elementor-col-50 elementor-top-column elementor-element elementor-element-e6b7dad\" data-id=\"e6b7dad\" data-element_type=\"column\" data-e-type=\"column\">\n\t\t\t<div class=\"elementor-widget-wrap elementor-element-populated\">\n\t\t\t\t\t\t<div class=\"elementor-element elementor-element-bc95896 elementor-widget elementor-widget-text-editor\" data-id=\"bc95896\" data-element_type=\"widget\" data-e-type=\"widget\" data-widget_type=\"text-editor.default\">\n\t\t\t\t<div class=\"elementor-widget-container\">\n\t\t\t\t\t\t\t\t\t<p>Carlos J. Mart\u00ednez Sep\u00falveda, presidente de la Agrupaci\u00f3n de J\u00f3venes Abogados del Ilustre Colegio de la Abogac\u00eda de C\u00f3rdoba, convoca la celebraci\u00f3n de la <strong>ASAMBLEA GENERAL ORDINARIA<\/strong>, que tendr\u00e1 lugar el pr\u00f3ximo <strong>viernes 14 de marzo de 2025<\/strong>, en <strong>primera convocatoria a las 13:15 horas <\/strong>y en <strong>segunda a las<\/strong> <strong>13:30 horas<\/strong>, en el sal\u00f3n de actos del Ilustre Colegio de la Abogac\u00eda de C\u00f3rdoba, para tratar de los asuntos que figuran en el siguiente,<\/p><p><strong><u>ORDEN DEL D\u00cdA<\/u><\/strong><\/p><p><strong>1\u00ba <\/strong>Informe econ\u00f3mico, aprobaci\u00f3n y liquidaci\u00f3n presupuestaria del a\u00f1o 2024.<\/p><p><strong>2\u00ba <\/strong>Memoria de actividades realizadas en el a\u00f1o 2024.<\/p><p><strong>3\u00ba<\/strong> Ruegos y preguntas.<\/p><p>Podr\u00e1 incluirse en el orden del d\u00eda cualquier otro asunto siempre y cuando el mismo se solicite por escrito por al menos veinte miembros de la Agrupaci\u00f3n, dentro de los cuatro d\u00edas siguientes a la remisi\u00f3n de la presente convocatoria.<\/p><p>Esta convocatoria se realiza al amparo de lo establecido en los art\u00edculos 12, 14, 15 y 16 de los Estatutos de la Agrupaci\u00f3n de J\u00f3venes Abogados de C\u00f3rdoba.<\/p><p>\u00a0<\/p><p>En C\u00f3rdoba, a 12 de febrero de 2025.<\/p><p><strong>Fdo. Carlos J. Mart\u00ednez Sep\u00falveda<\/strong><\/p><p><strong>Presidente AJA C\u00f3rdoba<\/strong><\/p>\t\t\t\t\t\t\t\t<\/div>\n\t\t\t\t<\/div>\n\t\t\t\t<div class=\"elementor-element elementor-element-1dbf355 elementor-widget__width-initial elementor-widget elementor-widget-heading\" data-id=\"1dbf355\" data-element_type=\"widget\" data-e-type=\"widget\" data-widget_type=\"heading.default\">\n\t\t\t\t<div class=\"elementor-widget-container\">\n\t\t\t\t\t<h6 class=\"elementor-heading-title elementor-size-default\"><a href=\"https:\/\/cms.icacordoba.23sd.es\/wp-content\/uploads\/2025\/02\/RS_000739_25_AJA_CONVOCATORIA-ASAMBLEA.pdf\" target=\"_blank\">CONVOCATORIA ASAMBLEA GENERAL ORDINARIA - DESCARGA<\/a><\/h6>\t\t\t\t<\/div>\n\t\t\t\t<\/div>\n\t\t\t\t<div class=\"elementor-element elementor-element-9516d8c elementor-widget__width-initial elementor-widget elementor-widget-image\" data-id=\"9516d8c\" data-element_type=\"widget\" data-e-type=\"widget\" data-widget_type=\"image.default\">\n\t\t\t\t<div class=\"elementor-widget-container\">\n\t\t\t\t\t\t\t\t\t\t\t\t\t\t\t<img decoding=\"async\" width=\"300\" height=\"152\" src=\"https:\/\/cms.icacordoba.23sd.es\/wp-content\/uploads\/2022\/09\/AJA-Cordoba-2024_ok-300x152.png\" class=\"attachment-medium size-medium wp-image-11037\" alt=\"\" srcset=\"https:\/\/cms.icacordoba.23sd.es\/wp-content\/uploads\/2022\/09\/AJA-Cordoba-2024_ok-300x152.png 300w, https:\/\/cms.icacordoba.23sd.es\/wp-content\/uploads\/2022\/09\/AJA-Cordoba-2024_ok-1024x518.png 1024w, https:\/\/cms.icacordoba.23sd.es\/wp-content\/uploads\/2022\/09\/AJA-Cordoba-2024_ok-768x389.png 768w, https:\/\/cms.icacordoba.23sd.es\/wp-content\/uploads\/2022\/09\/AJA-Cordoba-2024_ok.png 1535w\" sizes=\"(max-width: 300px) 100vw, 300px\" \/>\t\t\t\t\t\t\t\t\t\t\t\t\t\t\t<\/div>\n\t\t\t\t<\/div>\n\t\t\t\t\t<\/div>\n\t\t<\/div>\n\t\t\t\t<div class=\"elementor-column elementor-col-50 elementor-top-column elementor-element elementor-element-8ad2dfb\" data-id=\"8ad2dfb\" data-element_type=\"column\" data-e-type=\"column\">\n\t\t\t<div class=\"elementor-widget-wrap\">\n\t\t\t\t\t\t\t<\/div>\n\t\t<\/div>\n\t\t\t\t\t<\/div>\n\t\t<\/section>\n\t\t\t\t<\/div>\n\t\t","protected":false},"excerpt":{"rendered":"<p>Carlos J. Mart\u00ednez Sep\u00falveda, presidente de la Agrupaci\u00f3n de J\u00f3venes Abogados del Ilustre Colegio de la Abogac\u00eda de C\u00f3rdoba, convoca la celebraci\u00f3n de la ASAMBLEA GENERAL ORDINARIA, que tendr\u00e1 lugar el pr\u00f3ximo viernes 14 de marzo de 2025, en primera convocatoria a las 13:15 horas y en segunda a las 13:30 horas, en el sal\u00f3n [&hellip;]<\/p>\n","protected":false},"author":1,"featured_media":0,"comment_status":"open","ping_status":"open","sticky":false,"template":"","format":"standard","meta":{"footnotes":""},"categories":[1],"tags":[],"class_list":["post-14721","post","type-post","status-publish","format-standard","hentry","category-uncategorized"],"_links":{"self":[{"href":"https:\/\/cms.icacordoba.23sd.es\/index.php\/wp-json\/wp\/v2\/posts\/14721","targetHints":{"allow":["GET"]}}],"collection":[{"href":"https:\/\/cms.icacordoba.23sd.es\/index.php\/wp-json\/wp\/v2\/posts"}],"about":[{"href":"https:\/\/cms.icacordoba.23sd.es\/index.php\/wp-json\/wp\/v2\/types\/post"}],"author":[{"embeddable":true,"href":"https:\/\/cms.icacordoba.23sd.es\/index.php\/wp-json\/wp\/v2\/users\/1"}],"replies":[{"embeddable":true,"href":"https:\/\/cms.icacordoba.23sd.es\/index.php\/wp-json\/wp\/v2\/comments?post=14721"}],"version-history":[{"count":45,"href":"https:\/\/cms.icacordoba.23sd.es\/index.php\/wp-json\/wp\/v2\/posts\/14721\/revisions"}],"predecessor-version":[{"id":14767,"href":"https:\/\/cms.icacordoba.23sd.es\/index.php\/wp-json\/wp\/v2\/posts\/14721\/revisions\/14767"}],"wp:attachment":[{"href":"https:\/\/cms.icacordoba.23sd.es\/index.php\/wp-json\/wp\/v2\/media?parent=14721"}],"wp:term":[{"taxonomy":"category","embeddable":true,"href":"https:\/\/cms.icacordoba.23sd.es\/index.php\/wp-json\/wp\/v2\/categories?post=14721"},{"taxonomy":"post_tag","embeddable":true,"href":"https:\/\/cms.icacordoba.23sd.es\/index.php\/wp-json\/wp\/v2\/tags?post=14721"}],"curies":[{"name":"wp","href":"https:\/\/api.w.org\/{rel}","templated":true}]}}