{"id":14693,"date":"2025-02-07T10:40:54","date_gmt":"2025-02-07T10:40:54","guid":{"rendered":"https:\/\/cms.icacordoba.23sd.es\/index.php\/14693\/"},"modified":"2025-02-07T11:27:02","modified_gmt":"2025-02-07T11:27:02","slug":"noticia-el-colegio-forma-a-la-abogacia-de-cordoba-sobre-la-implantacion-de-la-ley-de-eficiencia-judicial","status":"publish","type":"post","link":"https:\/\/cms.icacordoba.23sd.es\/index.php\/14693\/","title":{"rendered":"NOTICIA \u00bb El Colegio forma a la Abogac\u00eda de C\u00f3rdoba sobre la implantaci\u00f3n de la Ley de Eficiencia Judicial"},"content":{"rendered":"\t\t<div data-elementor-type=\"wp-post\" data-elementor-id=\"14693\" class=\"elementor elementor-14693\" data-elementor-post-type=\"post\">\n\t\t\t\t\t\t<section class=\"elementor-section elementor-top-section elementor-element elementor-element-b1e863b elementor-section-full_width elementor-section-height-default elementor-section-height-default\" data-id=\"b1e863b\" data-element_type=\"section\" data-e-type=\"section\">\n\t\t\t\t\t\t<div class=\"elementor-container elementor-column-gap-default\">\n\t\t\t\t\t<div class=\"elementor-column elementor-col-66 elementor-top-column elementor-element elementor-element-1bb46d5\" data-id=\"1bb46d5\" data-element_type=\"column\" data-e-type=\"column\">\n\t\t\t<div class=\"elementor-widget-wrap elementor-element-populated\">\n\t\t\t\t\t\t<div class=\"elementor-element elementor-element-f0a9a8f elementor-widget__width-initial elementor-widget elementor-widget-text-editor\" data-id=\"f0a9a8f\" data-element_type=\"widget\" data-e-type=\"widget\" data-widget_type=\"text-editor.default\">\n\t\t\t\t<div class=\"elementor-widget-container\">\n\t\t\t\t\t\t\t\t\t<p><strong>31\/1\/2025.-<\/strong> El Colegio de la Abogac\u00eda de C\u00f3rdoba, a trav\u00e9s de su Comisi\u00f3n de Formaci\u00f3n, ha organizado unas jornadas con el objetivo de difundir las reformas organizativas y procesales en el sistema judicial que introduce la Ley Org\u00e1nica 1\/2025, de 2 de enero, de medidas en materia de Eficiencia del Servicio P\u00fablico de Justicia, y ayudar as\u00ed a los colegiados en su aplicaci\u00f3n.<\/p><p>La responsable de Formaci\u00f3n del ICA-C\u00f3rdoba, Lourdes Capdevila, ha destacado la trascendencia de acciones formativas como esta, \u201cante las importantes novedades que supone la implantaci\u00f3n de la ley de Eficiencia tanto a nivel procesal como organizativo. Estas jornadas abarcar\u00e1n de forma espec\u00edfica las principales materias que han sido objeto de reforma en las distintas jurisdicciones, brindando as\u00ed a nuestros colegiados la oportunidad de actualizar sus conocimientos\u201d.<\/p><p>Las jornadas son gratuitas para todos los profesionales de la Abogac\u00eda colegiados en el Colegio de la Abogac\u00eda de C\u00f3rdoba y se extender\u00e1n durante los meses de febrero y marzo. Las distintas sesiones se celebrar\u00e1n en la sede colegial y a ellas podr\u00e1 asistirse tanto de forma presencial como seguirse en streaming.<\/p><p>La primera de las sesiones, prevista el pr\u00f3ximo 17 de febrero, se centrar\u00e1 en la implantaci\u00f3n de los mecanismos alternativos de resoluci\u00f3n de conflictos (MASC). No en vano, explica Capdevila, \u201cesta Ley se presenta como una actualizaci\u00f3n integral de la normativa sobre mediaci\u00f3n en Espa\u00f1a. Su objetivo es introducir en el ordenamiento jur\u00eddico como acceso v\u00e1lido a la Justicia, adem\u00e1s de la jurisdicci\u00f3n, otros medios adecuados de soluci\u00f3n de controversias en v\u00eda no jurisdiccional\u201d.<\/p><p>Esta sesi\u00f3n, titulada \u201cLos MASC como requisito de procedibilidad tras la reforma operada por la nueva Ley 1\/2025. Efectos procesales y relaci\u00f3n con las costas\u201d contar\u00e1 con la intervenci\u00f3n de <strong>Rosal\u00eda Fern\u00e1ndez Alaya<\/strong>, Magistrada de la AP de las Palmas y vicepresidenta de Relaciones Internacionales de GEMME Espa\u00f1a.<\/p><p>El 24 de febrero, est\u00e1 prevista la sesi\u00f3n centrada en los aspectos procesales y org\u00e1nicos de la Ley 1\/2025 en materia laboral, en la que participar\u00e1 Antonio Jes\u00fas Rodr\u00edguez, Magistrado del Juzgado de los social 3 de C\u00f3rdoba. Ya en marzo, los d\u00edas 10 y 25, se celebrar\u00e1n las sesiones dedicadas a las novedades pr\u00e1cticas en el proceso civil y de menores respectivamente. En los pr\u00f3ximos d\u00edas se agendar\u00e1 la sesi\u00f3n dedicada al \u00e1mbito penal.<\/p>\t\t\t\t\t\t\t\t<\/div>\n\t\t\t\t<\/div>\n\t\t\t\t\t<\/div>\n\t\t<\/div>\n\t\t\t\t<div class=\"elementor-column elementor-col-33 elementor-top-column elementor-element elementor-element-336b838\" data-id=\"336b838\" data-element_type=\"column\" data-e-type=\"column\">\n\t\t\t<div class=\"elementor-widget-wrap elementor-element-populated\">\n\t\t\t\t\t\t<div class=\"elementor-element elementor-element-044df81 elementor-widget elementor-widget-heading\" data-id=\"044df81\" data-element_type=\"widget\" data-e-type=\"widget\" data-widget_type=\"heading.default\">\n\t\t\t\t<div class=\"elementor-widget-container\">\n\t\t\t\t\t<h5 class=\"elementor-heading-title elementor-size-default\">JORNADAS SOBRE LA LEY ORG\u00c1NICA 1\/2025<\/h5>\t\t\t\t<\/div>\n\t\t\t\t<\/div>\n\t\t\t\t<div class=\"elementor-element elementor-element-d6020cf elementor-widget elementor-widget-text-editor\" data-id=\"d6020cf\" data-element_type=\"widget\" data-e-type=\"widget\" data-widget_type=\"text-editor.default\">\n\t\t\t\t<div class=\"elementor-widget-container\">\n\t\t\t\t\t\t\t\t\t<ul><li id=\"etiquetaTituloNoticia\"><strong>17 DE FEBRERO<\/strong> &#8211;<strong>SESI\u00d3N 1.<\/strong> Los MASC como requisito de procedibilidad.\u00a0<ul><li><a href=\"https:\/\/www.icacordoba.com\/Noticias\/1305-jornada-sobre-ley-organica-1-2025-sesion-1-los-masc-como-requisito-de-procedibilidad\" target=\"_blank\" rel=\"noopener\">M\u00e1s informaci\u00f3n<\/a><\/li><\/ul><\/li><\/ul>\t\t\t\t\t\t\t\t<\/div>\n\t\t\t\t<\/div>\n\t\t\t\t<div class=\"elementor-element elementor-element-2432a53 elementor-widget elementor-widget-text-editor\" data-id=\"2432a53\" data-element_type=\"widget\" data-e-type=\"widget\" data-widget_type=\"text-editor.default\">\n\t\t\t\t<div class=\"elementor-widget-container\">\n\t\t\t\t\t\t\t\t\t<ul><li id=\"etiquetaTituloNoticia\"><strong>24 DE FEBRERO<\/strong> &#8211;<strong>SESI\u00d3N 2.<\/strong> Aspectos procesales y org\u00e1nicos en materia laboral.<ul><li><a href=\"https:\/\/www.icacordoba.com\/Noticias\/1308-jornada-ley-organica-1-2025-sesion-2-aspectos-procesales-y-org-nicos-en-materia-laboral\" target=\"_blank\" rel=\"noopener\">M\u00e1s informaci\u00f3n<\/a><\/li><\/ul><\/li><\/ul>\t\t\t\t\t\t\t\t<\/div>\n\t\t\t\t<\/div>\n\t\t\t\t\t<\/div>\n\t\t<\/div>\n\t\t\t\t\t<\/div>\n\t\t<\/section>\n\t\t\t\t<\/div>\n\t\t","protected":false},"excerpt":{"rendered":"<p>31\/1\/2025.- El Colegio de la Abogac\u00eda de C\u00f3rdoba, a trav\u00e9s de su Comisi\u00f3n de Formaci\u00f3n, ha organizado unas jornadas con el objetivo de difundir las reformas organizativas y procesales en el sistema judicial que introduce la Ley Org\u00e1nica 1\/2025, de 2 de enero, de medidas en materia de Eficiencia del Servicio P\u00fablico de Justicia, y [&hellip;]<\/p>\n","protected":false},"author":1,"featured_media":0,"comment_status":"open","ping_status":"open","sticky":false,"template":"","format":"standard","meta":{"footnotes":""},"categories":[1],"tags":[],"class_list":["post-14693","post","type-post","status-publish","format-standard","hentry","category-uncategorized"],"_links":{"self":[{"href":"https:\/\/cms.icacordoba.23sd.es\/index.php\/wp-json\/wp\/v2\/posts\/14693","targetHints":{"allow":["GET"]}}],"collection":[{"href":"https:\/\/cms.icacordoba.23sd.es\/index.php\/wp-json\/wp\/v2\/posts"}],"about":[{"href":"https:\/\/cms.icacordoba.23sd.es\/index.php\/wp-json\/wp\/v2\/types\/post"}],"author":[{"embeddable":true,"href":"https:\/\/cms.icacordoba.23sd.es\/index.php\/wp-json\/wp\/v2\/users\/1"}],"replies":[{"embeddable":true,"href":"https:\/\/cms.icacordoba.23sd.es\/index.php\/wp-json\/wp\/v2\/comments?post=14693"}],"version-history":[{"count":18,"href":"https:\/\/cms.icacordoba.23sd.es\/index.php\/wp-json\/wp\/v2\/posts\/14693\/revisions"}],"predecessor-version":[{"id":14712,"href":"https:\/\/cms.icacordoba.23sd.es\/index.php\/wp-json\/wp\/v2\/posts\/14693\/revisions\/14712"}],"wp:attachment":[{"href":"https:\/\/cms.icacordoba.23sd.es\/index.php\/wp-json\/wp\/v2\/media?parent=14693"}],"wp:term":[{"taxonomy":"category","embeddable":true,"href":"https:\/\/cms.icacordoba.23sd.es\/index.php\/wp-json\/wp\/v2\/categories?post=14693"},{"taxonomy":"post_tag","embeddable":true,"href":"https:\/\/cms.icacordoba.23sd.es\/index.php\/wp-json\/wp\/v2\/tags?post=14693"}],"curies":[{"name":"wp","href":"https:\/\/api.w.org\/{rel}","templated":true}]}}