{"id":14687,"date":"2025-02-06T16:16:20","date_gmt":"2025-02-06T16:16:20","guid":{"rendered":"https:\/\/cms.icacordoba.23sd.es\/index.php\/14687\/"},"modified":"2025-02-24T17:42:33","modified_gmt":"2025-02-24T17:42:33","slug":"noticia-jornada-ley-organica-1-2025-sesion-2-aspectos-procesales-y-organicos-en-materia-laboral","status":"publish","type":"post","link":"https:\/\/cms.icacordoba.23sd.es\/index.php\/14687\/","title":{"rendered":"NOTICIA \u00bb JORNADA LEY ORG\u00c1NICA 1\/2025. SESI\u00d3N 2: Aspectos procesales y org\u00e1nicos en materia laboral"},"content":{"rendered":"\t\t<div data-elementor-type=\"wp-post\" data-elementor-id=\"14687\" class=\"elementor elementor-14687\" data-elementor-post-type=\"post\">\n\t\t\t\t\t\t<section class=\"elementor-section elementor-top-section elementor-element elementor-element-6edbfb0 elementor-section-full_width elementor-section-height-default elementor-section-height-default\" data-id=\"6edbfb0\" data-element_type=\"section\" data-e-type=\"section\">\n\t\t\t\t\t\t<div class=\"elementor-container elementor-column-gap-default\">\n\t\t\t\t\t<div class=\"elementor-column elementor-col-66 elementor-top-column elementor-element elementor-element-e6c4ddf\" data-id=\"e6c4ddf\" data-element_type=\"column\" data-e-type=\"column\">\n\t\t\t<div class=\"elementor-widget-wrap elementor-element-populated\">\n\t\t\t\t\t\t<div class=\"elementor-element elementor-element-3f8cc16 elementor-widget__width-initial elementor-widget elementor-widget-text-editor\" data-id=\"3f8cc16\" data-element_type=\"widget\" data-e-type=\"widget\" data-widget_type=\"text-editor.default\">\n\t\t\t\t<div class=\"elementor-widget-container\">\n\t\t\t\t\t\t\t\t\t<p><span style=\"color: var( --e-global-color-7fba23c ); font-family: var( --e-global-typography-text-font-family ); font-size: 1rem;\">La Comisi\u00f3n de Formaci\u00f3n organiza la segunda sesi\u00f3n de las Jornadas sobre la Ley Org\u00e1nica 1\/2025, con el t\u00edtulo \u201cAspectos procesales y org\u00e1nicos en materia laboral<\/span><span style=\"color: var( --e-global-color-7fba23c ); font-family: var( --e-global-typography-text-font-family ); font-weight: var( --e-global-typography-text-font-weight ); font-size: 1rem;\">\u201d.<\/span><\/p><p>Intervendr\u00e1n D. Antonio Jes\u00fas Rodriguez Castilla, magistrado del Juzgado de lo Social n\u00ba 3 de C\u00f3rdoba, y D\u00f1a. Mar\u00eda Elena Rodrigo Garc\u00eda, Letrada de la Administraci\u00f3n de Justicia del Juzgado de lo Social n\u00ba 4 de C\u00f3rdoba.<\/p>\t\t\t\t\t\t\t\t<\/div>\n\t\t\t\t<\/div>\n\t\t\t\t<div class=\"elementor-element elementor-element-4a2a712 elementor-widget__width-initial elementor-widget-divider--view-line elementor-widget elementor-widget-divider\" data-id=\"4a2a712\" data-element_type=\"widget\" data-e-type=\"widget\" data-widget_type=\"divider.default\">\n\t\t\t\t<div class=\"elementor-widget-container\">\n\t\t\t\t\t\t\t<div class=\"elementor-divider\">\n\t\t\t<span class=\"elementor-divider-separator\">\n\t\t\t\t\t\t<\/span>\n\t\t<\/div>\n\t\t\t\t\t\t<\/div>\n\t\t\t\t<\/div>\n\t\t\t\t<div class=\"elementor-element elementor-element-7ca3841 elementor-widget elementor-widget-heading\" data-id=\"7ca3841\" data-element_type=\"widget\" data-e-type=\"widget\" data-widget_type=\"heading.default\">\n\t\t\t\t<div class=\"elementor-widget-container\">\n\t\t\t\t\t<h5 class=\"elementor-heading-title elementor-size-default\">INSCRIPCI\u00d3N<\/h5>\t\t\t\t<\/div>\n\t\t\t\t<\/div>\n\t\t\t\t<div class=\"elementor-element elementor-element-60890aa elementor-widget__width-initial elementor-widget elementor-widget-text-editor\" data-id=\"60890aa\" data-element_type=\"widget\" data-e-type=\"widget\" data-widget_type=\"text-editor.default\">\n\t\t\t\t<div class=\"elementor-widget-container\">\n\t\t\t\t\t\t\t\t\t<p>A esta jornada se podr\u00e1 asistir tanto en modalidad presencial como online, previa inscripci\u00f3n.<\/p><p><strong>COSTE DE LA INSCRIPCI\u00d3N:<\/strong><\/p><ul><li>COLEGIADOS ICA-C\u00d3RDOBA: GRATUITO<\/li><li>OTROS PROFESIONALES: 10 \u20ac<\/li><\/ul><div>\u00a0<\/div><div>Puede realizar la inscripci\u00f3n a trav\u00e9s del formulario online.\u00a0<\/div><div>Si no es colegiado, una vez cumplimentado el formulario, deber\u00e1 realizar el ingreso en el n\u00famero de cuenta Banco Santander: ES06 0030 4001 99 0003627271.<\/div><div>Para que la inscripci\u00f3n quede formalizada ser\u00e1 necesario remitir al correo <a href=\"mailto:contabilidad@icacordoba.es\" target=\"_blank\" rel=\"noopener\">contabilidad@icacordoba.es<\/a> el justificante del ingreso bancario.<\/div>\t\t\t\t\t\t\t\t<\/div>\n\t\t\t\t<\/div>\n\t\t\t\t<div class=\"elementor-element elementor-element-aefce76 elementor-widget__width-initial elementor-widget-divider--view-line elementor-widget elementor-widget-divider\" data-id=\"aefce76\" data-element_type=\"widget\" data-e-type=\"widget\" data-widget_type=\"divider.default\">\n\t\t\t\t<div class=\"elementor-widget-container\">\n\t\t\t\t\t\t\t<div class=\"elementor-divider\">\n\t\t\t<span class=\"elementor-divider-separator\">\n\t\t\t\t\t\t<\/span>\n\t\t<\/div>\n\t\t\t\t\t\t<\/div>\n\t\t\t\t<\/div>\n\t\t\t\t\t<\/div>\n\t\t<\/div>\n\t\t\t\t<div class=\"elementor-column elementor-col-33 elementor-top-column elementor-element elementor-element-d844746\" data-id=\"d844746\" data-element_type=\"column\" data-e-type=\"column\">\n\t\t\t<div class=\"elementor-widget-wrap elementor-element-populated\">\n\t\t\t\t\t\t<div class=\"elementor-element elementor-element-55b48cd elementor-button-info elementor-align-center elementor-widget elementor-widget-button\" data-id=\"55b48cd\" data-element_type=\"widget\" data-e-type=\"widget\" data-widget_type=\"button.default\">\n\t\t\t\t<div class=\"elementor-widget-container\">\n\t\t\t\t\t\t\t\t\t<div class=\"elementor-button-wrapper\">\n\t\t\t\t\t<a class=\"elementor-button elementor-button-link elementor-size-sm\" href=\"https:\/\/teams.microsoft.com\/l\/meetup-join\/19%3ameeting_MWM1YzY1MDItMTRiMi00ZTRjLTk0MzYtZWFmOTgxYTExODI2%40thread.v2\/0?context=%7b%22Tid%22%3a%226d6692eb-f2f1-406f-b313-41f7dd27472a%22%2c%22Oid%22%3a%2243864635-3526-4428-9bf7-0592fd973b8a%22%7d\" target=\"_blank\">\n\t\t\t\t\t\t<span class=\"elementor-button-content-wrapper\">\n\t\t\t\t\t\t\t\t\t<span class=\"elementor-button-text\">ACCEDE A LA RETRANSMISI\u00d3N<\/span>\n\t\t\t\t\t<\/span>\n\t\t\t\t\t<\/a>\n\t\t\t\t<\/div>\n\t\t\t\t\t\t\t\t<\/div>\n\t\t\t\t<\/div>\n\t\t\t\t<div class=\"elementor-element elementor-element-c3952ab elementor-widget elementor-widget-image\" data-id=\"c3952ab\" data-element_type=\"widget\" data-e-type=\"widget\" data-widget_type=\"image.default\">\n\t\t\t\t<div class=\"elementor-widget-container\">\n\t\t\t\t\t\t\t\t\t\t\t\t\t\t\t\t<a href=\"https:\/\/forms.office.com\/e\/BKpm1svfvW\" target=\"_blank\">\n\t\t\t\t\t\t\t<img fetchpriority=\"high\" decoding=\"async\" width=\"800\" height=\"671\" src=\"https:\/\/cms.icacordoba.23sd.es\/wp-content\/uploads\/2025\/02\/LO-12025-SESION-2-LABORAL.jpg\" class=\"attachment-large size-large wp-image-14689\" alt=\"\" srcset=\"https:\/\/cms.icacordoba.23sd.es\/wp-content\/uploads\/2025\/02\/LO-12025-SESION-2-LABORAL.jpg 940w, https:\/\/cms.icacordoba.23sd.es\/wp-content\/uploads\/2025\/02\/LO-12025-SESION-2-LABORAL-300x251.jpg 300w, https:\/\/cms.icacordoba.23sd.es\/wp-content\/uploads\/2025\/02\/LO-12025-SESION-2-LABORAL-768x644.jpg 768w\" sizes=\"(max-width: 800px) 100vw, 800px\" \/>\t\t\t\t\t\t\t\t<\/a>\n\t\t\t\t\t\t\t\t\t\t\t\t\t\t\t<\/div>\n\t\t\t\t<\/div>\n\t\t\t\t\t<\/div>\n\t\t<\/div>\n\t\t\t\t\t<\/div>\n\t\t<\/section>\n\t\t\t\t<\/div>\n\t\t","protected":false},"excerpt":{"rendered":"<p>La Comisi\u00f3n de Formaci\u00f3n organiza la segunda sesi\u00f3n de las Jornadas sobre la Ley Org\u00e1nica 1\/2025, con el t\u00edtulo \u201cAspectos procesales y org\u00e1nicos en materia laboral\u201d. Intervendr\u00e1n D. Antonio Jes\u00fas Rodriguez Castilla, magistrado del Juzgado de lo Social n\u00ba 3 de C\u00f3rdoba, y D\u00f1a. Mar\u00eda Elena Rodrigo Garc\u00eda, Letrada de la Administraci\u00f3n de Justicia del [&hellip;]<\/p>\n","protected":false},"author":1,"featured_media":0,"comment_status":"open","ping_status":"open","sticky":false,"template":"","format":"standard","meta":{"footnotes":""},"categories":[1],"tags":[],"class_list":["post-14687","post","type-post","status-publish","format-standard","hentry","category-uncategorized"],"_links":{"self":[{"href":"https:\/\/cms.icacordoba.23sd.es\/index.php\/wp-json\/wp\/v2\/posts\/14687","targetHints":{"allow":["GET"]}}],"collection":[{"href":"https:\/\/cms.icacordoba.23sd.es\/index.php\/wp-json\/wp\/v2\/posts"}],"about":[{"href":"https:\/\/cms.icacordoba.23sd.es\/index.php\/wp-json\/wp\/v2\/types\/post"}],"author":[{"embeddable":true,"href":"https:\/\/cms.icacordoba.23sd.es\/index.php\/wp-json\/wp\/v2\/users\/1"}],"replies":[{"embeddable":true,"href":"https:\/\/cms.icacordoba.23sd.es\/index.php\/wp-json\/wp\/v2\/comments?post=14687"}],"version-history":[{"count":39,"href":"https:\/\/cms.icacordoba.23sd.es\/index.php\/wp-json\/wp\/v2\/posts\/14687\/revisions"}],"predecessor-version":[{"id":14870,"href":"https:\/\/cms.icacordoba.23sd.es\/index.php\/wp-json\/wp\/v2\/posts\/14687\/revisions\/14870"}],"wp:attachment":[{"href":"https:\/\/cms.icacordoba.23sd.es\/index.php\/wp-json\/wp\/v2\/media?parent=14687"}],"wp:term":[{"taxonomy":"category","embeddable":true,"href":"https:\/\/cms.icacordoba.23sd.es\/index.php\/wp-json\/wp\/v2\/categories?post=14687"},{"taxonomy":"post_tag","embeddable":true,"href":"https:\/\/cms.icacordoba.23sd.es\/index.php\/wp-json\/wp\/v2\/tags?post=14687"}],"curies":[{"name":"wp","href":"https:\/\/api.w.org\/{rel}","templated":true}]}}