{"id":14648,"date":"2025-01-29T18:32:10","date_gmt":"2025-01-29T18:32:10","guid":{"rendered":"https:\/\/cms.icacordoba.23sd.es\/index.php\/14648\/"},"modified":"2025-02-14T08:49:17","modified_gmt":"2025-02-14T08:49:17","slug":"noticia-acto-de-entrega-del-vii-premio-de-articulos-juridicos-sobre-menores-pilar-bermal","status":"publish","type":"post","link":"https:\/\/cms.icacordoba.23sd.es\/index.php\/14648\/","title":{"rendered":"NOTICIA \u00bb Acto de Entrega del VII Premio de Art\u00edculos Jur\u00eddicos sobre Menores &#8216;Pilar Bermal&#8217;"},"content":{"rendered":"\t\t<div data-elementor-type=\"wp-post\" data-elementor-id=\"14648\" class=\"elementor elementor-14648\" data-elementor-post-type=\"post\">\n\t\t\t\t\t\t<section class=\"elementor-section elementor-top-section elementor-element elementor-element-d924bc3 elementor-section-full_width elementor-section-height-default elementor-section-height-default\" data-id=\"d924bc3\" data-element_type=\"section\" data-e-type=\"section\">\n\t\t\t\t\t\t<div class=\"elementor-container elementor-column-gap-default\">\n\t\t\t\t\t<div class=\"elementor-column elementor-col-100 elementor-top-column elementor-element elementor-element-64b5783\" data-id=\"64b5783\" data-element_type=\"column\" data-e-type=\"column\">\n\t\t\t<div class=\"elementor-widget-wrap elementor-element-populated\">\n\t\t\t\t\t\t<div class=\"elementor-element elementor-element-75180d9 elementor-widget elementor-widget-text-editor\" data-id=\"75180d9\" data-element_type=\"widget\" data-e-type=\"widget\" data-widget_type=\"text-editor.default\">\n\t\t\t\t<div class=\"elementor-widget-container\">\n\t\t\t\t\t\t\t\t\t<p class=\"text-build-content\" style=\"line-height: 18.0pt; margin-bottom: 7.5pt; margin-right: 0cm; margin-top: 7.5pt; mso-line-height-rule: exactly;\">El jurado de la VII edici\u00f3n del Premio de Art\u00edculos Jur\u00eddicos sobre Menores \u00abPilar Bermal\u00bb, tras las oportunas deliberaciones y votaciones, acord\u00f3 otorgar el Primer Premio y el Acc\u00e9sit a los siguientes art\u00edculos:<\/p><p class=\"text-build-content\" style=\"line-height: 18.0pt; margin-bottom: 7.5pt; margin-right: 0cm; margin-top: 7.5pt; mso-line-height-rule: exactly;\"><a href=\"https:\/\/cms.icacordoba.23sd.es\/wp-content\/uploads\/2025\/01\/PRIMER-PREMIO-VIOLENCIA-Y-HERENCIA-DESHEREDACION-E-INCAPACIDAD-PARA-SUCEDER-EN-EL-AMBITO-DE-LA-VIOLENCIA-SOBRE-EL-MENOR-Y-SU-MADRE.pdf\" target=\"_blank\" rel=\"noopener\">PRIMER PREMIO: &#8216;Violencia y Herencia: Desheredaci\u00f3n e incapacidad para suceder en el \u00e1mbito de la violencia sobre el menor y su madre\u00bb&#8216;. Carmen del Rosario Valderrama. (Accede al art\u00edculo)<\/a><\/p><p class=\"text-build-content\" style=\"line-height: 18.0pt; margin-bottom: 7.5pt; margin-right: 0cm; margin-top: 7.5pt; mso-line-height-rule: exactly;\"><a href=\"https:\/\/cms.icacordoba.23sd.es\/wp-content\/uploads\/2025\/01\/LA-PROTECCION-JURIDICA-DE-MENORES-EN-LA-ERA-DIGITAL.pdf\" target=\"_blank\" rel=\"noopener\">ACC\u00c9SIT: \u2018La protecci\u00f3n jur\u00eddica de menores en la era digital: responsabilidad y lagunas legislativas\u2019. \u00c1lvaro Caparr\u00f3s Carretero. (Accede al art\u00edculo)<\/a><\/p>\t\t\t\t\t\t\t\t<\/div>\n\t\t\t\t<\/div>\n\t\t\t\t\t<\/div>\n\t\t<\/div>\n\t\t\t\t\t<\/div>\n\t\t<\/section>\n\t\t\t\t<section class=\"elementor-section elementor-top-section elementor-element elementor-element-9414cd8 elementor-section-full_width elementor-section-height-default elementor-section-height-default\" data-id=\"9414cd8\" data-element_type=\"section\" data-e-type=\"section\">\n\t\t\t\t\t\t<div class=\"elementor-container elementor-column-gap-extended\">\n\t\t\t\t\t<div class=\"elementor-column elementor-col-50 elementor-top-column elementor-element elementor-element-cf949aa\" data-id=\"cf949aa\" data-element_type=\"column\" data-e-type=\"column\">\n\t\t\t<div class=\"elementor-widget-wrap elementor-element-populated\">\n\t\t\t\t\t\t<div class=\"elementor-element elementor-element-0e6ad69 elementor-widget elementor-widget-image\" data-id=\"0e6ad69\" data-element_type=\"widget\" data-e-type=\"widget\" data-widget_type=\"image.default\">\n\t\t\t\t<div class=\"elementor-widget-container\">\n\t\t\t\t\t\t\t\t\t\t\t\t\t\t\t\t<a href=\"https:\/\/www.sepin.es\/colectivos\/identificacion\/default.asp?cod=0010f92AB0JQ07v1ig0FG00A0G90FP2GL0%24P0Fa2JP00p\" target=\"_blank\">\n\t\t\t\t\t\t\t<img fetchpriority=\"high\" decoding=\"async\" width=\"768\" height=\"431\" src=\"https:\/\/cms.icacordoba.23sd.es\/wp-content\/uploads\/2025\/01\/IMG_9930-768x431.jpg\" class=\"attachment-medium_large size-medium_large wp-image-14783\" alt=\"\" srcset=\"https:\/\/cms.icacordoba.23sd.es\/wp-content\/uploads\/2025\/01\/IMG_9930-768x431.jpg 768w, https:\/\/cms.icacordoba.23sd.es\/wp-content\/uploads\/2025\/01\/IMG_9930-300x168.jpg 300w, https:\/\/cms.icacordoba.23sd.es\/wp-content\/uploads\/2025\/01\/IMG_9930-1024x575.jpg 1024w, https:\/\/cms.icacordoba.23sd.es\/wp-content\/uploads\/2025\/01\/IMG_9930-1536x862.jpg 1536w, https:\/\/cms.icacordoba.23sd.es\/wp-content\/uploads\/2025\/01\/IMG_9930-2048x1150.jpg 2048w\" sizes=\"(max-width: 768px) 100vw, 768px\" \/>\t\t\t\t\t\t\t\t<\/a>\n\t\t\t\t\t\t\t\t\t\t\t\t\t\t\t<\/div>\n\t\t\t\t<\/div>\n\t\t\t\t\t<\/div>\n\t\t<\/div>\n\t\t\t\t<div class=\"elementor-column elementor-col-50 elementor-top-column elementor-element elementor-element-08e86d8\" data-id=\"08e86d8\" data-element_type=\"column\" data-e-type=\"column\">\n\t\t\t<div class=\"elementor-widget-wrap elementor-element-populated\">\n\t\t\t\t\t\t<div class=\"elementor-element elementor-element-2963b58 elementor-widget elementor-widget-image\" data-id=\"2963b58\" data-element_type=\"widget\" data-e-type=\"widget\" data-widget_type=\"image.default\">\n\t\t\t\t<div class=\"elementor-widget-container\">\n\t\t\t\t\t\t\t\t\t\t\t\t\t\t\t\t<a href=\"https:\/\/www.sepin.es\/colectivos\/identificacion\/default.asp?cod=0010f92AB0JQ07v1ig0FG00A0G90FP2GL0%24P0Fa2JP00p\" target=\"_blank\">\n\t\t\t\t\t\t\t<img decoding=\"async\" width=\"768\" height=\"431\" src=\"https:\/\/cms.icacordoba.23sd.es\/wp-content\/uploads\/2025\/01\/IMG_9916-768x431.jpg\" class=\"attachment-medium_large size-medium_large wp-image-14784\" alt=\"\" srcset=\"https:\/\/cms.icacordoba.23sd.es\/wp-content\/uploads\/2025\/01\/IMG_9916-768x431.jpg 768w, https:\/\/cms.icacordoba.23sd.es\/wp-content\/uploads\/2025\/01\/IMG_9916-300x168.jpg 300w, https:\/\/cms.icacordoba.23sd.es\/wp-content\/uploads\/2025\/01\/IMG_9916-1024x575.jpg 1024w, https:\/\/cms.icacordoba.23sd.es\/wp-content\/uploads\/2025\/01\/IMG_9916-1536x862.jpg 1536w, https:\/\/cms.icacordoba.23sd.es\/wp-content\/uploads\/2025\/01\/IMG_9916-2048x1150.jpg 2048w\" sizes=\"(max-width: 768px) 100vw, 768px\" \/>\t\t\t\t\t\t\t\t<\/a>\n\t\t\t\t\t\t\t\t\t\t\t\t\t\t\t<\/div>\n\t\t\t\t<\/div>\n\t\t\t\t\t<\/div>\n\t\t<\/div>\n\t\t\t\t\t<\/div>\n\t\t<\/section>\n\t\t\t\t<\/div>\n\t\t","protected":false},"excerpt":{"rendered":"<p>El jurado de la VII edici\u00f3n del Premio de Art\u00edculos Jur\u00eddicos sobre Menores \u00abPilar Bermal\u00bb, tras las oportunas deliberaciones y votaciones, acord\u00f3 otorgar el Primer Premio y el Acc\u00e9sit a los siguientes art\u00edculos: PRIMER PREMIO: &#8216;Violencia y Herencia: Desheredaci\u00f3n e incapacidad para suceder en el \u00e1mbito de la violencia sobre el menor y su madre\u00bb&#8216;. [&hellip;]<\/p>\n","protected":false},"author":1,"featured_media":0,"comment_status":"open","ping_status":"open","sticky":false,"template":"","format":"standard","meta":{"footnotes":""},"categories":[1],"tags":[],"class_list":["post-14648","post","type-post","status-publish","format-standard","hentry","category-uncategorized"],"_links":{"self":[{"href":"https:\/\/cms.icacordoba.23sd.es\/index.php\/wp-json\/wp\/v2\/posts\/14648","targetHints":{"allow":["GET"]}}],"collection":[{"href":"https:\/\/cms.icacordoba.23sd.es\/index.php\/wp-json\/wp\/v2\/posts"}],"about":[{"href":"https:\/\/cms.icacordoba.23sd.es\/index.php\/wp-json\/wp\/v2\/types\/post"}],"author":[{"embeddable":true,"href":"https:\/\/cms.icacordoba.23sd.es\/index.php\/wp-json\/wp\/v2\/users\/1"}],"replies":[{"embeddable":true,"href":"https:\/\/cms.icacordoba.23sd.es\/index.php\/wp-json\/wp\/v2\/comments?post=14648"}],"version-history":[{"count":18,"href":"https:\/\/cms.icacordoba.23sd.es\/index.php\/wp-json\/wp\/v2\/posts\/14648\/revisions"}],"predecessor-version":[{"id":14787,"href":"https:\/\/cms.icacordoba.23sd.es\/index.php\/wp-json\/wp\/v2\/posts\/14648\/revisions\/14787"}],"wp:attachment":[{"href":"https:\/\/cms.icacordoba.23sd.es\/index.php\/wp-json\/wp\/v2\/media?parent=14648"}],"wp:term":[{"taxonomy":"category","embeddable":true,"href":"https:\/\/cms.icacordoba.23sd.es\/index.php\/wp-json\/wp\/v2\/categories?post=14648"},{"taxonomy":"post_tag","embeddable":true,"href":"https:\/\/cms.icacordoba.23sd.es\/index.php\/wp-json\/wp\/v2\/tags?post=14648"}],"curies":[{"name":"wp","href":"https:\/\/api.w.org\/{rel}","templated":true}]}}