{"id":14312,"date":"2025-01-15T17:23:14","date_gmt":"2025-01-15T17:23:14","guid":{"rendered":"https:\/\/cms.icacordoba.23sd.es\/index.php\/14312\/"},"modified":"2026-02-26T09:17:03","modified_gmt":"2026-02-26T09:17:03","slug":"proyecto-apuesta-por-la-mediacion","status":"publish","type":"post","link":"https:\/\/cms.icacordoba.23sd.es\/index.php\/14312\/","title":{"rendered":"Proyecto Apuesta por la Mediaci\u00f3n."},"content":{"rendered":"\t\t<div data-elementor-type=\"wp-post\" data-elementor-id=\"14312\" class=\"elementor elementor-14312\" data-elementor-post-type=\"post\">\n\t\t\t\t\t\t<section class=\"elementor-section elementor-top-section elementor-element elementor-element-66b9773 elementor-section-boxed elementor-section-height-default elementor-section-height-default\" data-id=\"66b9773\" data-element_type=\"section\" data-e-type=\"section\">\n\t\t\t\t\t\t<div class=\"elementor-container elementor-column-gap-default\">\n\t\t\t\t\t<div class=\"elementor-column elementor-col-50 elementor-top-column elementor-element elementor-element-fb37766\" data-id=\"fb37766\" data-element_type=\"column\" data-e-type=\"column\">\n\t\t\t<div class=\"elementor-widget-wrap elementor-element-populated\">\n\t\t\t\t\t\t<div class=\"elementor-element elementor-element-0774585 elementor-widget elementor-widget-heading\" data-id=\"0774585\" data-element_type=\"widget\" data-e-type=\"widget\" data-widget_type=\"heading.default\">\n\t\t\t\t<div class=\"elementor-widget-container\">\n\t\t\t\t\t<h2 class=\"elementor-heading-title elementor-size-default\">Proyecto Apuesta por la Mediaci\u00f3n II<\/h2>\t\t\t\t<\/div>\n\t\t\t\t<\/div>\n\t\t\t\t\t<\/div>\n\t\t<\/div>\n\t\t\t\t<div class=\"elementor-column elementor-col-50 elementor-top-column elementor-element elementor-element-59e9c87 elementor-hidden-tablet elementor-hidden-mobile\" data-id=\"59e9c87\" data-element_type=\"column\" data-e-type=\"column\">\n\t\t\t<div class=\"elementor-widget-wrap\">\n\t\t\t\t\t\t\t<\/div>\n\t\t<\/div>\n\t\t\t\t\t<\/div>\n\t\t<\/section>\n\t\t\t\t<section class=\"elementor-section elementor-top-section elementor-element elementor-element-256232e elementor-reverse-tablet elementor-reverse-mobile elementor-section-boxed elementor-section-height-default elementor-section-height-default\" data-id=\"256232e\" data-element_type=\"section\" data-e-type=\"section\">\n\t\t\t\t\t\t<div class=\"elementor-container elementor-column-gap-default\">\n\t\t\t\t\t<div class=\"elementor-column elementor-col-100 elementor-top-column elementor-element elementor-element-0e6ffa5\" data-id=\"0e6ffa5\" data-element_type=\"column\" data-e-type=\"column\">\n\t\t\t<div class=\"elementor-widget-wrap elementor-element-populated\">\n\t\t\t\t\t\t<div class=\"elementor-element elementor-element-01fdcc1 elementor-widget elementor-widget-text-editor\" data-id=\"01fdcc1\" data-element_type=\"widget\" data-e-type=\"widget\" data-widget_type=\"text-editor.default\">\n\t\t\t\t<div class=\"elementor-widget-container\">\n\t\t\t\t\t\t\t\t\t<p><span style=\"vertical-align: inherit;\"><span style=\"vertical-align: inherit;\">El proyecto \u201cAPUESTA POR LA MEDIACI\u00d3N\u201d, financiado por la Diputaci\u00f3n de C\u00f3rdoba y organizado por el Colegio de la Abogac\u00eda de C\u00f3rdoba, pretende fomentar la cultura de la paz entre la ciudadan\u00eda a trav\u00e9s del impulso de la mediaci\u00f3n como m\u00e9todo alternativo al judicial para la resoluci\u00f3n de controversias.<\/span><\/span><\/p><p><span style=\"vertical-align: inherit;\"><span style=\"vertical-align: inherit;\">En septiembre de 2025, ambas instituciones han renovado el convenio de colaboraci\u00f3n para continuar impulsando la mediaci\u00f3n en la provincia de C\u00f3rdoba.\u00a0<\/span><\/span><\/p><p><strong><span style=\"vertical-align: inherit;\"><span style=\"vertical-align: inherit;\">En esta segunda edici\u00f3n, los beneficiarios directos<\/span><\/span><\/strong> <b><span style=\"vertical-align: inherit;\"><span style=\"vertical-align: inherit;\">del proyecto son <\/span><\/span><\/b><b><span style=\"vertical-align: inherit;\"><span style=\"vertical-align: inherit;\">la ciudadan\u00eda, asociaciones y personal de la administraci\u00f3n<\/span><\/span><\/b><span style=\"vertical-align: inherit;\"><span style=\"vertical-align: inherit;\"> de los siguientes municipios: Almod\u00f3var de Rio, Belmez,\u00a0<span class=\"markj46317bae\" data-markjs=\"true\" data-ogac=\"\" data-ogab=\"\" data-ogsc=\"\" data-ogsb=\"\">La<\/span>\u00a0Carlota, Santaella, Villa del Rio, El Carpio, Pedro Abad, Fuente Obejuna,\u00a0<span class=\"markj46317bae\" data-markjs=\"true\" data-ogac=\"\" data-ogab=\"\" data-ogsc=\"\" data-ogsb=\"\">La<\/span>\u00a0Rambla, Montalb\u00e1n, Hinojosa del Duque, Hornachuelos, Castro del Rio y Montemayor.<\/span><\/span><\/p><p><span style=\"vertical-align: inherit;\"><span style=\"vertical-align: inherit;\">Los beneficiarios podr\u00e1n <\/span><\/span><span style=\"vertical-align: inherit;\"><span style=\"vertical-align: inherit;\">acceder a la <\/span><\/span><b><span style=\"vertical-align: inherit;\"><span style=\"vertical-align: inherit;\">mediaci\u00f3n de forma gratuita<\/span><\/span><\/b><span style=\"vertical-align: inherit;\"><span style=\"vertical-align: inherit;\">, <\/span><\/span><span style=\"vertical-align: inherit;\"><span style=\"vertical-align: inherit;\">resolver los conflictos que le puedan surgir en sus relaciones personales, familiares, vecinales o empresariales.<\/span><\/span><\/p><p><a href=\"https:\/\/cms.icacordoba.23sd.es\/wp-content\/uploads\/2025\/01\/Proyecto-Apuesta-por-la-Mediacion_vOK-20-x-21-cm.pdf\" target=\"_blank\" rel=\"noopener\"><span style=\"vertical-align: inherit;\"><span style=\"vertical-align: inherit;\">D\u00cdPTICO INFORMATIVO PROYECTO APUESTA POR LA MEDIACI\u00d3N<\/span><\/span><\/a><\/p>\t\t\t\t\t\t\t\t<\/div>\n\t\t\t\t<\/div>\n\t\t\t\t<div class=\"elementor-element elementor-element-de51736 elementor-widget elementor-widget-heading\" data-id=\"de51736\" data-element_type=\"widget\" data-e-type=\"widget\" data-widget_type=\"heading.default\">\n\t\t\t\t<div class=\"elementor-widget-container\">\n\t\t\t\t\t<h4 class=\"elementor-heading-title elementor-size-default\">Charlas informativas en 14 municipios<\/h4>\t\t\t\t<\/div>\n\t\t\t\t<\/div>\n\t\t\t\t<div class=\"elementor-element elementor-element-eb036bf elementor-widget elementor-widget-text-editor\" data-id=\"eb036bf\" data-element_type=\"widget\" data-e-type=\"widget\" data-widget_type=\"text-editor.default\">\n\t\t\t\t<div class=\"elementor-widget-container\">\n\t\t\t\t\t\t\t\t\t<p>En una primera fase del proyecto, profesionales de la Abogac\u00eda especializados en mediaci\u00f3n ofrecer\u00e1n charlas informativas en catorce municipios de la provincia, en las que explicar\u00e1n qu\u00e9 es y en qu\u00e9 consiste la mediaci\u00f3n, as\u00ed como el funcionamiento del servicio de mediaci\u00f3n prestado por el Centro de Mediaci\u00f3n del Colegio de la Abogac\u00eda de C\u00f3rdoba en colaboraci\u00f3n con la Diputaci\u00f3n de C\u00f3rdoba.<\/p><p><strong><u>CALENDARIO DE CHARLAS:<\/u><\/strong><\/p><ul><li>VILLA DEL R\u00cdO &#8211; 18 DE DICIEMBRE DE 2025 &#8211; 19:00 H &#8211; SAL\u00d3N DE PLENOS DEL AYUNTAMIENTO<\/li><li>MONTEMAYOR &#8211; 16 DE DICIEMBRE DE 2025 &#8211; 17:00 H &#8211; SAL\u00d3N DE ACTOS CASA DE LA CULTURA<\/li><li>PEDRO ABAD &#8211; 10 DE DICIEMBRE DE 2025 &#8211; 10:30 H &#8211; PUNTO VUELO<\/li><li>MONTALB\u00c1N &#8211; 9 DE DICIEMBRE 2025 &#8211; 17:30 H\u00a0 &#8211; BIBLIOTECA CASA DE LA CULTURA\u00a0<\/li><li>FUENTE OBEJUNA &#8211; 4 DE DICIEMBRE DE 2025 &#8211; 17:00 H &#8211; PALACETE MODERNISTA<\/li><\/ul>\t\t\t\t\t\t\t\t<\/div>\n\t\t\t\t<\/div>\n\t\t\t\t<div class=\"elementor-element elementor-element-d0bf81f elementor-widget-divider--view-line elementor-widget elementor-widget-divider\" data-id=\"d0bf81f\" data-element_type=\"widget\" data-e-type=\"widget\" data-widget_type=\"divider.default\">\n\t\t\t\t<div class=\"elementor-widget-container\">\n\t\t\t\t\t\t\t<div class=\"elementor-divider\">\n\t\t\t<span class=\"elementor-divider-separator\">\n\t\t\t\t\t\t<\/span>\n\t\t<\/div>\n\t\t\t\t\t\t<\/div>\n\t\t\t\t<\/div>\n\t\t\t\t\t<\/div>\n\t\t<\/div>\n\t\t\t\t\t<\/div>\n\t\t<\/section>\n\t\t\t\t<section class=\"elementor-section elementor-top-section elementor-element elementor-element-65c4bf5 elementor-reverse-tablet elementor-reverse-mobile elementor-section-boxed elementor-section-height-default elementor-section-height-default\" data-id=\"65c4bf5\" data-element_type=\"section\" data-e-type=\"section\">\n\t\t\t\t\t\t<div class=\"elementor-container elementor-column-gap-default\">\n\t\t\t\t\t<div class=\"elementor-column elementor-col-50 elementor-top-column elementor-element elementor-element-e3c68f7\" data-id=\"e3c68f7\" data-element_type=\"column\" data-e-type=\"column\">\n\t\t\t<div class=\"elementor-widget-wrap elementor-element-populated\">\n\t\t\t\t\t\t<div class=\"elementor-element elementor-element-045df5f elementor-widget elementor-widget-heading\" data-id=\"045df5f\" data-element_type=\"widget\" data-e-type=\"widget\" data-widget_type=\"heading.default\">\n\t\t\t\t<div class=\"elementor-widget-container\">\n\t\t\t\t\t<h4 class=\"elementor-heading-title elementor-size-default\">\u00bfQu\u00e9 conflictos pueden resolverse a trav\u00e9s de Mediaci\u00f3n?<\/h4>\t\t\t\t<\/div>\n\t\t\t\t<\/div>\n\t\t\t\t<div class=\"elementor-element elementor-element-3371585 elementor-widget elementor-widget-text-editor\" data-id=\"3371585\" data-element_type=\"widget\" data-e-type=\"widget\" data-widget_type=\"text-editor.default\">\n\t\t\t\t<div class=\"elementor-widget-container\">\n\t\t\t\t\t\t\t\t\t<ul><li><span class=\"OYPEnA font-feature-liga-off font-feature-clig-off font-feature-calt-off text-decoration-none text-strikethrough-none\">Problemas conyugales (divorcio, separaci\u00f3n, hijos, pensiones, uso de la vivienda&#8230;)<\/span><\/li><li><span class=\"OYPEnA font-feature-liga-off font-feature-clig-off font-feature-calt-off text-decoration-none text-strikethrough-none\"><span style=\"vertical-align: inherit;\"><span style=\"vertical-align: inherit;\">Temas de herencia o divisi\u00f3n de patrimonio familiar.<\/span><\/span><\/span><\/li><li><span class=\"OYPEnA font-feature-liga-off font-feature-clig-off font-feature-calt-off text-decoration-none text-strikethrough-none\"><span style=\"vertical-align: inherit;\"><span style=\"vertical-align: inherit;\">Conflictos entre padres e hijos adolescentes.<\/span><\/span><\/span><\/li><li><span class=\"OYPEnA font-feature-liga-off font-feature-clig-off font-feature-calt-off text-decoration-none text-strikethrough-none\"><span style=\"vertical-align: inherit;\"><span style=\"vertical-align: inherit;\">Disputas entre hermanos por cuidado de familiares dependientes.<\/span><\/span><\/span><\/li><li><span class=\"OYPEnA font-feature-liga-off font-feature-clig-off font-feature-calt-off text-decoration-none text-strikethrough-none\"><span style=\"vertical-align: inherit;\"><span style=\"vertical-align: inherit;\">Conflictos entre vecinos.<\/span><\/span><\/span><\/li><li><span class=\"OYPEnA font-feature-liga-off font-feature-clig-off font-feature-calt-off text-decoration-none text-strikethrough-none\"><span style=\"vertical-align: inherit;\"><span style=\"vertical-align: inherit;\">Desacuerdos entre empresas y trabajadores.<\/span><\/span><\/span><\/li><li><span class=\"OYPEnA font-feature-liga-off font-feature-clig-off font-feature-calt-off text-decoration-none text-strikethrough-none\">Incumplimiento de acuerdos, contratos, plazos&#8230;<\/span><\/li><li><span class=\"OYPEnA font-feature-liga-off font-feature-clig-off font-feature-calt-off text-decoration-none text-strikethrough-none\"><span style=\"vertical-align: inherit;\"><span style=\"vertical-align: inherit;\">Dificultades para cobrar deudas.<\/span><\/span><\/span><\/li><li><span class=\"OYPEnA font-feature-liga-off font-feature-clig-off font-feature-calt-off text-decoration-none text-strikethrough-none\"><span style=\"vertical-align: inherit;\"><span style=\"vertical-align: inherit;\">Problemas derivados de relaciones empresariares.<\/span><\/span><\/span><\/li><\/ul>\t\t\t\t\t\t\t\t<\/div>\n\t\t\t\t<\/div>\n\t\t\t\t<div class=\"elementor-element elementor-element-a42bb72 elementor-widget elementor-widget-heading\" data-id=\"a42bb72\" data-element_type=\"widget\" data-e-type=\"widget\" data-widget_type=\"heading.default\">\n\t\t\t\t<div class=\"elementor-widget-container\">\n\t\t\t\t\t<h4 class=\"elementor-heading-title elementor-size-default\">\u00bfC\u00f3mo solicitar una Mediaci\u00f3n?<\/h4>\t\t\t\t<\/div>\n\t\t\t\t<\/div>\n\t\t\t\t<div class=\"elementor-element elementor-element-cd74b4b elementor-widget elementor-widget-text-editor\" data-id=\"cd74b4b\" data-element_type=\"widget\" data-e-type=\"widget\" data-widget_type=\"text-editor.default\">\n\t\t\t\t<div class=\"elementor-widget-container\">\n\t\t\t\t\t\t\t\t\t<p>Puedes solicitar el inicio del proceso de mediaci\u00f3n en el Centro de Mediaci\u00f3n del Colegio de la Abogac\u00eda de C\u00f3rdoba, o bien a trav\u00e9s de tu Ayuntamiento.<\/p><p>Las distintas sesiones de mediaci\u00f3n se llevar\u00e1n a cabo en los diferentes municipios de la provincia, a donde se desplazar\u00e1 el mediador designado.<\/p><p><b>Contacta con el Centro de Mediaci\u00f3n ICA-C\u00f3rdoba:\u00a0<\/b><\/p><p><a href=\"mailto:centrodemediacion@icacordoba.com\" target=\"_blank\" rel=\"noopener\">centrodemediacion@icacordoba.com<\/a>\u00a0\/\u00a0957 49 81 03<\/p>\t\t\t\t\t\t\t\t<\/div>\n\t\t\t\t<\/div>\n\t\t\t\t\t<\/div>\n\t\t<\/div>\n\t\t\t\t<div class=\"elementor-column elementor-col-50 elementor-top-column elementor-element elementor-element-31cb878\" data-id=\"31cb878\" data-element_type=\"column\" data-e-type=\"column\">\n\t\t\t<div class=\"elementor-widget-wrap elementor-element-populated\">\n\t\t\t\t\t\t<div class=\"elementor-element elementor-element-3333024 elementor-widget__width-initial elementor-widget elementor-widget-image\" data-id=\"3333024\" data-element_type=\"widget\" data-e-type=\"widget\" data-widget_type=\"image.default\">\n\t\t\t\t<div class=\"elementor-widget-container\">\n\t\t\t\t\t\t\t\t\t\t\t\t\t\t\t<img fetchpriority=\"high\" decoding=\"async\" width=\"300\" height=\"300\" src=\"https:\/\/cms.icacordoba.23sd.es\/wp-content\/uploads\/2025\/01\/APUESTA-POR-LA-MEDIACION_imagen-web-300x300.jpg\" class=\"attachment-medium size-medium wp-image-14314\" alt=\"\" srcset=\"https:\/\/cms.icacordoba.23sd.es\/wp-content\/uploads\/2025\/01\/APUESTA-POR-LA-MEDIACION_imagen-web-300x300.jpg 300w, https:\/\/cms.icacordoba.23sd.es\/wp-content\/uploads\/2025\/01\/APUESTA-POR-LA-MEDIACION_imagen-web-1024x1024.jpg 1024w, https:\/\/cms.icacordoba.23sd.es\/wp-content\/uploads\/2025\/01\/APUESTA-POR-LA-MEDIACION_imagen-web-150x150.jpg 150w, https:\/\/cms.icacordoba.23sd.es\/wp-content\/uploads\/2025\/01\/APUESTA-POR-LA-MEDIACION_imagen-web-768x768.jpg 768w, https:\/\/cms.icacordoba.23sd.es\/wp-content\/uploads\/2025\/01\/APUESTA-POR-LA-MEDIACION_imagen-web.jpg 1080w\" sizes=\"(max-width: 300px) 100vw, 300px\" \/>\t\t\t\t\t\t\t\t\t\t\t\t\t\t\t<\/div>\n\t\t\t\t<\/div>\n\t\t\t\t\t<\/div>\n\t\t<\/div>\n\t\t\t\t\t<\/div>\n\t\t<\/section>\n\t\t\t\t<\/div>\n\t\t","protected":false},"excerpt":{"rendered":"<p>Proyecto Apuesta por la Mediaci\u00f3n II El proyecto \u201cAPUESTA POR LA MEDIACI\u00d3N\u201d, financiado por la Diputaci\u00f3n de C\u00f3rdoba y organizado por el Colegio de la Abogac\u00eda de C\u00f3rdoba, pretende fomentar la cultura de la paz entre la ciudadan\u00eda a trav\u00e9s del impulso de la mediaci\u00f3n como m\u00e9todo alternativo al judicial para la resoluci\u00f3n de controversias. [&hellip;]<\/p>\n","protected":false},"author":1,"featured_media":0,"comment_status":"open","ping_status":"open","sticky":false,"template":"","format":"standard","meta":{"footnotes":""},"categories":[1],"tags":[],"class_list":["post-14312","post","type-post","status-publish","format-standard","hentry","category-uncategorized"],"_links":{"self":[{"href":"https:\/\/cms.icacordoba.23sd.es\/index.php\/wp-json\/wp\/v2\/posts\/14312","targetHints":{"allow":["GET"]}}],"collection":[{"href":"https:\/\/cms.icacordoba.23sd.es\/index.php\/wp-json\/wp\/v2\/posts"}],"about":[{"href":"https:\/\/cms.icacordoba.23sd.es\/index.php\/wp-json\/wp\/v2\/types\/post"}],"author":[{"embeddable":true,"href":"https:\/\/cms.icacordoba.23sd.es\/index.php\/wp-json\/wp\/v2\/users\/1"}],"replies":[{"embeddable":true,"href":"https:\/\/cms.icacordoba.23sd.es\/index.php\/wp-json\/wp\/v2\/comments?post=14312"}],"version-history":[{"count":135,"href":"https:\/\/cms.icacordoba.23sd.es\/index.php\/wp-json\/wp\/v2\/posts\/14312\/revisions"}],"predecessor-version":[{"id":19174,"href":"https:\/\/cms.icacordoba.23sd.es\/index.php\/wp-json\/wp\/v2\/posts\/14312\/revisions\/19174"}],"wp:attachment":[{"href":"https:\/\/cms.icacordoba.23sd.es\/index.php\/wp-json\/wp\/v2\/media?parent=14312"}],"wp:term":[{"taxonomy":"category","embeddable":true,"href":"https:\/\/cms.icacordoba.23sd.es\/index.php\/wp-json\/wp\/v2\/categories?post=14312"},{"taxonomy":"post_tag","embeddable":true,"href":"https:\/\/cms.icacordoba.23sd.es\/index.php\/wp-json\/wp\/v2\/tags?post=14312"}],"curies":[{"name":"wp","href":"https:\/\/api.w.org\/{rel}","templated":true}]}}