{"id":14101,"date":"2024-12-27T12:24:27","date_gmt":"2024-12-27T12:24:27","guid":{"rendered":"https:\/\/cms.icacordoba.23sd.es\/index.php\/14101\/"},"modified":"2024-12-27T12:44:21","modified_gmt":"2024-12-27T12:44:21","slug":"noticia-el-colegio-de-la-abogacia-de-cordoba-dona-el-07-por-ciento-de-su-presupuesto-a-proyectos-sociales","status":"publish","type":"post","link":"https:\/\/cms.icacordoba.23sd.es\/index.php\/14101\/","title":{"rendered":"NOTICIA \u00bb El Colegio de la Abogac\u00eda de C\u00f3rdoba dona el 0,7 por ciento de su presupuesto a proyectos sociales"},"content":{"rendered":"\t\t<div data-elementor-type=\"wp-post\" data-elementor-id=\"14101\" class=\"elementor elementor-14101\" data-elementor-post-type=\"post\">\n\t\t\t\t\t\t<section class=\"elementor-section elementor-top-section elementor-element elementor-element-e55c9ff elementor-section-full_width elementor-section-height-default elementor-section-height-default\" data-id=\"e55c9ff\" data-element_type=\"section\" data-e-type=\"section\">\n\t\t\t\t\t\t<div class=\"elementor-container elementor-column-gap-narrow\">\n\t\t\t\t\t<div class=\"elementor-column elementor-col-66 elementor-top-column elementor-element elementor-element-d09248a\" data-id=\"d09248a\" data-element_type=\"column\" data-e-type=\"column\">\n\t\t\t<div class=\"elementor-widget-wrap elementor-element-populated\">\n\t\t\t\t\t\t<div class=\"elementor-element elementor-element-7166c3c elementor-widget elementor-widget-text-editor\" data-id=\"7166c3c\" data-element_type=\"widget\" data-e-type=\"widget\" data-widget_type=\"text-editor.default\">\n\t\t\t\t<div class=\"elementor-widget-container\">\n\t\t\t\t\t\t\t\t\t<p style=\"text-align: left;\">La vicedecana del Colegio de la Abogac\u00eda de C\u00f3rdoba, Concepci\u00f3n Ortega, ha hecho entrega hoy de las ayudas econ\u00f3micas destinas al apoyo de Asociaciones y Organizaciones No Gubernamentales, incluidas en el presupuesto de 2024 de la Corporaci\u00f3n.<\/p>\n<p style=\"text-align: left;\">Esta partida econ\u00f3mica, que asciende a 12.000 euros, ha explicado la vicedecana, \u201crepresenta el 0,7 por ciento del presupuesto ordinario de la Corporaci\u00f3n, y se suman a la labor social que desarrolla el Colegio durante todo el a\u00f1o, como reflejo del compromiso de la Abogac\u00eda de C\u00f3rdoba por contribuir al desarrollo de una sociedad m\u00e1s justa y equitativa\u201d.<\/p>\n<p style=\"text-align: left;\">\u201cEsperamos que esta aportaci\u00f3n que realiza desinteresadamente la abogac\u00eda cordobesa sirva para impulsar la encomiable labor que desarroll\u00e1is desde vuestras organizaciones y contribuya a crear un mundo mejor, un fin intr\u00ednseco tambi\u00e9n en nuestra profesi\u00f3n\u201d, ha se\u00f1alado Concepci\u00f3n Ortega, acompa\u00f1ada en el acto celebrado en la sede colegial por los diputados de la Junta de Gobierno Rafael Alcaide, Ana Mar\u00eda Delgado, Carmen Calvo y Helena Calvo.<\/p>\n<p style=\"text-align: left;\">Las entidades locales beneficiarias este a\u00f1o han sido <strong>Asociaci\u00f3n de Familias Necesitadas (ANFANE), Proyecto Hombre C\u00f3rdoba, Banco de Alimentos Medina Azahara, C\u00f3rdoba Inclusiva COCEMFE, Prolibertas y Comunidad \u201cSanta Luisa de Marillac<em>, <\/em><\/strong>cada una de las cuales ha recibido una ayuda por valor de 1.396, 67 euros.<\/p>\n<p style=\"text-align: left;\">A estos colectivos, se suman <strong>Fundaci\u00f3n Emet Arco Iris<\/strong>, a la que se destinan 2.000 euros anuales para reforzar el asesoramiento jur\u00eddico de las mujeres residentes en el Centro \u00d6dos ubicado en Montilla, y <strong>Cruz Roja Espa\u00f1ola<\/strong>, a la que el Colegio de la Abogac\u00eda de C\u00f3rdoba destina 500 euros anuales como socio.<\/p>\n<p style=\"text-align: left;\">Adem\u00e1s, este a\u00f1o, la Junta de Gobierno del Colegio ha acordado destinar 1.500 euros, en los que se incluyen aportaciones realizadas por algunos colegiados, para apoyar a los abogados valencianos afectados por la DANA.<\/p>\n<p style=\"text-align: left;\">Tras hacer entrega de las ayudas, la vicedecana ha concluido agradeciendo su labor a todas las organizaciones beneficiarias y a las personas que \u201chacen posibles proyectos sociales fundamentales a d\u00eda de hoy por el elevado impacto tienen en la vida de quienes m\u00e1s lo necesitan\u201d.<\/p>\t\t\t\t\t\t\t\t<\/div>\n\t\t\t\t<\/div>\n\t\t\t\t\t<\/div>\n\t\t<\/div>\n\t\t\t\t<div class=\"elementor-column elementor-col-33 elementor-top-column elementor-element elementor-element-77b6c63\" data-id=\"77b6c63\" data-element_type=\"column\" data-e-type=\"column\">\n\t\t\t<div class=\"elementor-widget-wrap elementor-element-populated\">\n\t\t\t\t\t\t<div class=\"elementor-element elementor-element-5deef57 elementor-widget elementor-widget-image\" data-id=\"5deef57\" data-element_type=\"widget\" data-e-type=\"widget\" data-widget_type=\"image.default\">\n\t\t\t\t<div class=\"elementor-widget-container\">\n\t\t\t\t\t\t\t\t\t\t\t\t\t\t\t<img fetchpriority=\"high\" decoding=\"async\" width=\"800\" height=\"449\" src=\"https:\/\/cms.icacordoba.23sd.es\/wp-content\/uploads\/2024\/12\/IMG_9445-1024x575.jpg\" class=\"attachment-large size-large wp-image-14108\" alt=\"\" srcset=\"https:\/\/cms.icacordoba.23sd.es\/wp-content\/uploads\/2024\/12\/IMG_9445-1024x575.jpg 1024w, https:\/\/cms.icacordoba.23sd.es\/wp-content\/uploads\/2024\/12\/IMG_9445-300x168.jpg 300w, https:\/\/cms.icacordoba.23sd.es\/wp-content\/uploads\/2024\/12\/IMG_9445-768x431.jpg 768w, https:\/\/cms.icacordoba.23sd.es\/wp-content\/uploads\/2024\/12\/IMG_9445-1536x862.jpg 1536w, https:\/\/cms.icacordoba.23sd.es\/wp-content\/uploads\/2024\/12\/IMG_9445-2048x1150.jpg 2048w\" sizes=\"(max-width: 800px) 100vw, 800px\" \/>\t\t\t\t\t\t\t\t\t\t\t\t\t\t\t<\/div>\n\t\t\t\t<\/div>\n\t\t\t\t\t<\/div>\n\t\t<\/div>\n\t\t\t\t\t<\/div>\n\t\t<\/section>\n\t\t\t\t<section class=\"elementor-section elementor-top-section elementor-element elementor-element-3869dba elementor-section-full_width elementor-section-height-default elementor-section-height-default\" data-id=\"3869dba\" data-element_type=\"section\" data-e-type=\"section\">\n\t\t\t\t\t\t<div class=\"elementor-container elementor-column-gap-default\">\n\t\t\t\t\t<div class=\"elementor-column elementor-col-100 elementor-top-column elementor-element elementor-element-fb01494\" data-id=\"fb01494\" data-element_type=\"column\" data-e-type=\"column\">\n\t\t\t<div class=\"elementor-widget-wrap elementor-element-populated\">\n\t\t\t\t\t\t<div class=\"elementor-element elementor-element-2bc490e elementor-widget-divider--view-line elementor-widget elementor-widget-divider\" data-id=\"2bc490e\" data-element_type=\"widget\" data-e-type=\"widget\" data-widget_type=\"divider.default\">\n\t\t\t\t<div class=\"elementor-widget-container\">\n\t\t\t\t\t\t\t<div class=\"elementor-divider\">\n\t\t\t<span class=\"elementor-divider-separator\">\n\t\t\t\t\t\t<\/span>\n\t\t<\/div>\n\t\t\t\t\t\t<\/div>\n\t\t\t\t<\/div>\n\t\t\t\t\t<\/div>\n\t\t<\/div>\n\t\t\t\t\t<\/div>\n\t\t<\/section>\n\t\t\t\t<section class=\"elementor-section elementor-top-section elementor-element elementor-element-e64f2c4 elementor-section-full_width elementor-section-height-default elementor-section-height-default\" data-id=\"e64f2c4\" data-element_type=\"section\" data-e-type=\"section\">\n\t\t\t\t\t\t<div class=\"elementor-container elementor-column-gap-default\">\n\t\t\t\t\t<div class=\"elementor-column elementor-col-50 elementor-top-column elementor-element elementor-element-9415f73\" data-id=\"9415f73\" data-element_type=\"column\" data-e-type=\"column\">\n\t\t\t<div class=\"elementor-widget-wrap elementor-element-populated\">\n\t\t\t\t\t\t<div class=\"elementor-element elementor-element-8aa3604 elementor-position-left elementor-vertical-align-middle elementor-widget elementor-widget-image-box\" data-id=\"8aa3604\" data-element_type=\"widget\" data-e-type=\"widget\" data-widget_type=\"image-box.default\">\n\t\t\t\t<div class=\"elementor-widget-container\">\n\t\t\t\t\t<div class=\"elementor-image-box-wrapper\"><figure class=\"elementor-image-box-img\"><img decoding=\"async\" width=\"2560\" height=\"1437\" src=\"https:\/\/cms.icacordoba.23sd.es\/wp-content\/uploads\/2024\/12\/IMG_9504-scaled.jpg\" class=\"attachment-full size-full wp-image-14115\" alt=\"\" srcset=\"https:\/\/cms.icacordoba.23sd.es\/wp-content\/uploads\/2024\/12\/IMG_9504-scaled.jpg 2560w, https:\/\/cms.icacordoba.23sd.es\/wp-content\/uploads\/2024\/12\/IMG_9504-300x168.jpg 300w, https:\/\/cms.icacordoba.23sd.es\/wp-content\/uploads\/2024\/12\/IMG_9504-1024x575.jpg 1024w, https:\/\/cms.icacordoba.23sd.es\/wp-content\/uploads\/2024\/12\/IMG_9504-768x431.jpg 768w, https:\/\/cms.icacordoba.23sd.es\/wp-content\/uploads\/2024\/12\/IMG_9504-1536x862.jpg 1536w, https:\/\/cms.icacordoba.23sd.es\/wp-content\/uploads\/2024\/12\/IMG_9504-2048x1150.jpg 2048w\" sizes=\"(max-width: 2560px) 100vw, 2560px\" \/><\/figure><div class=\"elementor-image-box-content\"><h4 class=\"elementor-image-box-title\">ANFANE<\/h4><p class=\"elementor-image-box-description\">Ayuda a familias necesitadas en problemas de vivienda, alquiler, violencia, estafas... Este proyecto aborda una variedad de problem\u00e1ticas que enfrentan las familias m\u00e1s necesitadas, ofreciendo soluciones concretas y apoyo legal cuando es necesario. <\/p><\/div><\/div>\t\t\t\t<\/div>\n\t\t\t\t<\/div>\n\t\t\t\t\t<\/div>\n\t\t<\/div>\n\t\t\t\t<div class=\"elementor-column elementor-col-50 elementor-top-column elementor-element elementor-element-dd370e9\" data-id=\"dd370e9\" data-element_type=\"column\" data-e-type=\"column\">\n\t\t\t<div class=\"elementor-widget-wrap elementor-element-populated\">\n\t\t\t\t\t\t<div class=\"elementor-element elementor-element-c79a371 elementor-position-left elementor-vertical-align-middle elementor-widget elementor-widget-image-box\" data-id=\"c79a371\" data-element_type=\"widget\" data-e-type=\"widget\" data-widget_type=\"image-box.default\">\n\t\t\t\t<div class=\"elementor-widget-container\">\n\t\t\t\t\t<div class=\"elementor-image-box-wrapper\"><figure class=\"elementor-image-box-img\"><img decoding=\"async\" width=\"2560\" height=\"1437\" src=\"https:\/\/cms.icacordoba.23sd.es\/wp-content\/uploads\/2024\/12\/IMG_9476-scaled.jpg\" class=\"attachment-full size-full wp-image-14128\" alt=\"\" srcset=\"https:\/\/cms.icacordoba.23sd.es\/wp-content\/uploads\/2024\/12\/IMG_9476-scaled.jpg 2560w, https:\/\/cms.icacordoba.23sd.es\/wp-content\/uploads\/2024\/12\/IMG_9476-300x168.jpg 300w, https:\/\/cms.icacordoba.23sd.es\/wp-content\/uploads\/2024\/12\/IMG_9476-1024x575.jpg 1024w, https:\/\/cms.icacordoba.23sd.es\/wp-content\/uploads\/2024\/12\/IMG_9476-768x431.jpg 768w, https:\/\/cms.icacordoba.23sd.es\/wp-content\/uploads\/2024\/12\/IMG_9476-1536x862.jpg 1536w, https:\/\/cms.icacordoba.23sd.es\/wp-content\/uploads\/2024\/12\/IMG_9476-2048x1150.jpg 2048w\" sizes=\"(max-width: 2560px) 100vw, 2560px\" \/><\/figure><div class=\"elementor-image-box-content\"><h4 class=\"elementor-image-box-title\">Proyecto Hombre C\u00f3rdoba<\/h4><p class=\"elementor-image-box-description\">Aborda el problema de las adicciones desde una visi\u00f3n global y un enfoque biopsicosocial de la persona, a nivel cognitivo, emocional y comportamental. Proponen un modelo de rehabilitaci\u00f3n y reinserci\u00f3n social donde la clave del proceso est\u00e1 en identificar el problema existencial y trabajarlo.<\/p><\/div><\/div>\t\t\t\t<\/div>\n\t\t\t\t<\/div>\n\t\t\t\t\t<\/div>\n\t\t<\/div>\n\t\t\t\t\t<\/div>\n\t\t<\/section>\n\t\t\t\t<section class=\"elementor-section elementor-top-section elementor-element elementor-element-5be26ad elementor-section-full_width elementor-section-height-default elementor-section-height-default\" data-id=\"5be26ad\" data-element_type=\"section\" data-e-type=\"section\">\n\t\t\t\t\t\t<div class=\"elementor-container elementor-column-gap-default\">\n\t\t\t\t\t<div class=\"elementor-column elementor-col-50 elementor-top-column elementor-element elementor-element-5da9a08\" data-id=\"5da9a08\" data-element_type=\"column\" data-e-type=\"column\">\n\t\t\t<div class=\"elementor-widget-wrap elementor-element-populated\">\n\t\t\t\t\t\t<div class=\"elementor-element elementor-element-fc0193f elementor-position-left elementor-vertical-align-middle elementor-widget elementor-widget-image-box\" data-id=\"fc0193f\" data-element_type=\"widget\" data-e-type=\"widget\" data-widget_type=\"image-box.default\">\n\t\t\t\t<div class=\"elementor-widget-container\">\n\t\t\t\t\t<div class=\"elementor-image-box-wrapper\"><figure class=\"elementor-image-box-img\"><img loading=\"lazy\" decoding=\"async\" width=\"2560\" height=\"1437\" src=\"https:\/\/cms.icacordoba.23sd.es\/wp-content\/uploads\/2024\/12\/IMG_9483-scaled.jpg\" class=\"attachment-full size-full wp-image-14133\" alt=\"\" srcset=\"https:\/\/cms.icacordoba.23sd.es\/wp-content\/uploads\/2024\/12\/IMG_9483-scaled.jpg 2560w, https:\/\/cms.icacordoba.23sd.es\/wp-content\/uploads\/2024\/12\/IMG_9483-300x168.jpg 300w, https:\/\/cms.icacordoba.23sd.es\/wp-content\/uploads\/2024\/12\/IMG_9483-1024x575.jpg 1024w, https:\/\/cms.icacordoba.23sd.es\/wp-content\/uploads\/2024\/12\/IMG_9483-768x431.jpg 768w, https:\/\/cms.icacordoba.23sd.es\/wp-content\/uploads\/2024\/12\/IMG_9483-1536x862.jpg 1536w, https:\/\/cms.icacordoba.23sd.es\/wp-content\/uploads\/2024\/12\/IMG_9483-2048x1150.jpg 2048w\" sizes=\"(max-width: 2560px) 100vw, 2560px\" \/><\/figure><div class=\"elementor-image-box-content\"><h4 class=\"elementor-image-box-title\">Banco de Alimentos Medina Azahara<\/h4><p class=\"elementor-image-box-description\">Dedicada a la distribuci\u00f3n gratuita de alimentos y productos de primera necesidad; desempe\u00f1ando un papel fundamental en la lucha contra la inseguridad alimentaria y garantizando que los alimentos lleguen a quienes m\u00e1s los necesitan. <\/p><\/div><\/div>\t\t\t\t<\/div>\n\t\t\t\t<\/div>\n\t\t\t\t\t<\/div>\n\t\t<\/div>\n\t\t\t\t<div class=\"elementor-column elementor-col-50 elementor-top-column elementor-element elementor-element-16affd6\" data-id=\"16affd6\" data-element_type=\"column\" data-e-type=\"column\">\n\t\t\t<div class=\"elementor-widget-wrap elementor-element-populated\">\n\t\t\t\t\t\t<div class=\"elementor-element elementor-element-eb5cd20 elementor-position-left elementor-vertical-align-middle elementor-widget elementor-widget-image-box\" data-id=\"eb5cd20\" data-element_type=\"widget\" data-e-type=\"widget\" data-widget_type=\"image-box.default\">\n\t\t\t\t<div class=\"elementor-widget-container\">\n\t\t\t\t\t<div class=\"elementor-image-box-wrapper\"><figure class=\"elementor-image-box-img\"><img loading=\"lazy\" decoding=\"async\" width=\"2560\" height=\"1437\" src=\"https:\/\/cms.icacordoba.23sd.es\/wp-content\/uploads\/2024\/12\/IMG_9487-scaled.jpg\" class=\"attachment-full size-full wp-image-14137\" alt=\"\" srcset=\"https:\/\/cms.icacordoba.23sd.es\/wp-content\/uploads\/2024\/12\/IMG_9487-scaled.jpg 2560w, https:\/\/cms.icacordoba.23sd.es\/wp-content\/uploads\/2024\/12\/IMG_9487-300x168.jpg 300w, https:\/\/cms.icacordoba.23sd.es\/wp-content\/uploads\/2024\/12\/IMG_9487-1024x575.jpg 1024w, https:\/\/cms.icacordoba.23sd.es\/wp-content\/uploads\/2024\/12\/IMG_9487-768x431.jpg 768w, https:\/\/cms.icacordoba.23sd.es\/wp-content\/uploads\/2024\/12\/IMG_9487-1536x862.jpg 1536w, https:\/\/cms.icacordoba.23sd.es\/wp-content\/uploads\/2024\/12\/IMG_9487-2048x1150.jpg 2048w\" sizes=\"(max-width: 2560px) 100vw, 2560px\" \/><\/figure><div class=\"elementor-image-box-content\"><h4 class=\"elementor-image-box-title\">C\u00f3rdoba Inclusiva - CONCEMFE<\/h4><p class=\"elementor-image-box-description\">Federaci\u00f3n Provincial de asociaciones de personas con discapacidad f\u00edsica y org\u00e1nica de C\u00f3rdoba. Organizaci\u00f3n de naturaleza asociativa y sin \u00e1nimo de lucro, que aunar y coordinar a las asociaciones de personas con discapacidad f\u00edsica y org\u00e1nica para conseguir su plena integraci\u00f3n Social y laboral.<\/p><\/div><\/div>\t\t\t\t<\/div>\n\t\t\t\t<\/div>\n\t\t\t\t\t<\/div>\n\t\t<\/div>\n\t\t\t\t\t<\/div>\n\t\t<\/section>\n\t\t\t\t<section class=\"elementor-section elementor-top-section elementor-element elementor-element-d997c42 elementor-section-full_width elementor-section-height-default elementor-section-height-default\" data-id=\"d997c42\" data-element_type=\"section\" data-e-type=\"section\">\n\t\t\t\t\t\t<div class=\"elementor-container elementor-column-gap-default\">\n\t\t\t\t\t<div class=\"elementor-column elementor-col-50 elementor-top-column elementor-element elementor-element-c2d71a8\" data-id=\"c2d71a8\" data-element_type=\"column\" data-e-type=\"column\">\n\t\t\t<div class=\"elementor-widget-wrap elementor-element-populated\">\n\t\t\t\t\t\t<div class=\"elementor-element elementor-element-85501f3 elementor-position-left elementor-vertical-align-middle elementor-widget elementor-widget-image-box\" data-id=\"85501f3\" data-element_type=\"widget\" data-e-type=\"widget\" data-widget_type=\"image-box.default\">\n\t\t\t\t<div class=\"elementor-widget-container\">\n\t\t\t\t\t<div class=\"elementor-image-box-wrapper\"><figure class=\"elementor-image-box-img\"><img loading=\"lazy\" decoding=\"async\" width=\"2560\" height=\"1437\" src=\"https:\/\/cms.icacordoba.23sd.es\/wp-content\/uploads\/2024\/12\/IMG_9494-scaled.jpg\" class=\"attachment-full size-full wp-image-14138\" alt=\"\" srcset=\"https:\/\/cms.icacordoba.23sd.es\/wp-content\/uploads\/2024\/12\/IMG_9494-scaled.jpg 2560w, https:\/\/cms.icacordoba.23sd.es\/wp-content\/uploads\/2024\/12\/IMG_9494-300x168.jpg 300w, https:\/\/cms.icacordoba.23sd.es\/wp-content\/uploads\/2024\/12\/IMG_9494-1024x575.jpg 1024w, https:\/\/cms.icacordoba.23sd.es\/wp-content\/uploads\/2024\/12\/IMG_9494-768x431.jpg 768w, https:\/\/cms.icacordoba.23sd.es\/wp-content\/uploads\/2024\/12\/IMG_9494-1536x862.jpg 1536w, https:\/\/cms.icacordoba.23sd.es\/wp-content\/uploads\/2024\/12\/IMG_9494-2048x1150.jpg 2048w\" sizes=\"(max-width: 2560px) 100vw, 2560px\" \/><\/figure><div class=\"elementor-image-box-content\"><h4 class=\"elementor-image-box-title\">Fundaci\u00f3n PROLIBERTAS C\u00f3rdoba<\/h4><p class=\"elementor-image-box-description\">Fundaci\u00f3n Prolibertas da cobertura de necesidades b\u00e1sicas para personas en situaci\u00f3n de vulnerabilidad social en el comedor social de los Trinitarios<\/p><\/div><\/div>\t\t\t\t<\/div>\n\t\t\t\t<\/div>\n\t\t\t\t\t<\/div>\n\t\t<\/div>\n\t\t\t\t<div class=\"elementor-column elementor-col-50 elementor-top-column elementor-element elementor-element-cb653d1\" data-id=\"cb653d1\" data-element_type=\"column\" data-e-type=\"column\">\n\t\t\t<div class=\"elementor-widget-wrap elementor-element-populated\">\n\t\t\t\t\t\t<div class=\"elementor-element elementor-element-09b6368 elementor-position-left elementor-vertical-align-middle elementor-widget elementor-widget-image-box\" data-id=\"09b6368\" data-element_type=\"widget\" data-e-type=\"widget\" data-widget_type=\"image-box.default\">\n\t\t\t\t<div class=\"elementor-widget-container\">\n\t\t\t\t\t<div class=\"elementor-image-box-wrapper\"><figure class=\"elementor-image-box-img\"><img loading=\"lazy\" decoding=\"async\" width=\"2560\" height=\"1437\" src=\"https:\/\/cms.icacordoba.23sd.es\/wp-content\/uploads\/2024\/12\/IMG_9498-scaled.jpg\" class=\"attachment-full size-full wp-image-14139\" alt=\"\" srcset=\"https:\/\/cms.icacordoba.23sd.es\/wp-content\/uploads\/2024\/12\/IMG_9498-scaled.jpg 2560w, https:\/\/cms.icacordoba.23sd.es\/wp-content\/uploads\/2024\/12\/IMG_9498-300x168.jpg 300w, https:\/\/cms.icacordoba.23sd.es\/wp-content\/uploads\/2024\/12\/IMG_9498-1024x575.jpg 1024w, https:\/\/cms.icacordoba.23sd.es\/wp-content\/uploads\/2024\/12\/IMG_9498-768x431.jpg 768w, https:\/\/cms.icacordoba.23sd.es\/wp-content\/uploads\/2024\/12\/IMG_9498-1536x862.jpg 1536w, https:\/\/cms.icacordoba.23sd.es\/wp-content\/uploads\/2024\/12\/IMG_9498-2048x1150.jpg 2048w\" sizes=\"(max-width: 2560px) 100vw, 2560px\" \/><\/figure><div class=\"elementor-image-box-content\"><h4 class=\"elementor-image-box-title\">Comunidad Marillac Hijas de la Caridad <\/h4><p class=\"elementor-image-box-description\">Proyecto \"Creciendo Juntos\": Iniciativa que promueve el crecimiento integral de la comunidad a trav\u00e9s de diversas iniciativas educativas y sociales.<\/p><\/div><\/div>\t\t\t\t<\/div>\n\t\t\t\t<\/div>\n\t\t\t\t\t<\/div>\n\t\t<\/div>\n\t\t\t\t\t<\/div>\n\t\t<\/section>\n\t\t\t\t<\/div>\n\t\t","protected":false},"excerpt":{"rendered":"<p>La vicedecana del Colegio de la Abogac\u00eda de C\u00f3rdoba, Concepci\u00f3n Ortega, ha hecho entrega hoy de las ayudas econ\u00f3micas destinas al apoyo de Asociaciones y Organizaciones No Gubernamentales, incluidas en el presupuesto de 2024 de la Corporaci\u00f3n. Esta partida econ\u00f3mica, que asciende a 12.000 euros, ha explicado la vicedecana, \u201crepresenta el 0,7 por ciento del [&hellip;]<\/p>\n","protected":false},"author":1,"featured_media":0,"comment_status":"open","ping_status":"open","sticky":false,"template":"","format":"standard","meta":{"footnotes":""},"categories":[1],"tags":[],"class_list":["post-14101","post","type-post","status-publish","format-standard","hentry","category-uncategorized"],"_links":{"self":[{"href":"https:\/\/cms.icacordoba.23sd.es\/index.php\/wp-json\/wp\/v2\/posts\/14101","targetHints":{"allow":["GET"]}}],"collection":[{"href":"https:\/\/cms.icacordoba.23sd.es\/index.php\/wp-json\/wp\/v2\/posts"}],"about":[{"href":"https:\/\/cms.icacordoba.23sd.es\/index.php\/wp-json\/wp\/v2\/types\/post"}],"author":[{"embeddable":true,"href":"https:\/\/cms.icacordoba.23sd.es\/index.php\/wp-json\/wp\/v2\/users\/1"}],"replies":[{"embeddable":true,"href":"https:\/\/cms.icacordoba.23sd.es\/index.php\/wp-json\/wp\/v2\/comments?post=14101"}],"version-history":[{"count":33,"href":"https:\/\/cms.icacordoba.23sd.es\/index.php\/wp-json\/wp\/v2\/posts\/14101\/revisions"}],"predecessor-version":[{"id":14142,"href":"https:\/\/cms.icacordoba.23sd.es\/index.php\/wp-json\/wp\/v2\/posts\/14101\/revisions\/14142"}],"wp:attachment":[{"href":"https:\/\/cms.icacordoba.23sd.es\/index.php\/wp-json\/wp\/v2\/media?parent=14101"}],"wp:term":[{"taxonomy":"category","embeddable":true,"href":"https:\/\/cms.icacordoba.23sd.es\/index.php\/wp-json\/wp\/v2\/categories?post=14101"},{"taxonomy":"post_tag","embeddable":true,"href":"https:\/\/cms.icacordoba.23sd.es\/index.php\/wp-json\/wp\/v2\/tags?post=14101"}],"curies":[{"name":"wp","href":"https:\/\/api.w.org\/{rel}","templated":true}]}}