{"id":13662,"date":"2024-12-02T16:53:54","date_gmt":"2024-12-02T16:53:54","guid":{"rendered":"https:\/\/cms.icacordoba.23sd.es\/index.php\/13662\/"},"modified":"2024-12-10T08:52:50","modified_gmt":"2024-12-10T08:52:50","slug":"noticia-v-concurso-postales-navidenas","status":"publish","type":"post","link":"https:\/\/cms.icacordoba.23sd.es\/index.php\/13662\/","title":{"rendered":"NOTICIA \u00bb V CONCURSO POSTALES NAVIDE\u00d1AS"},"content":{"rendered":"\t\t<div data-elementor-type=\"wp-post\" data-elementor-id=\"13662\" class=\"elementor elementor-13662\" data-elementor-post-type=\"post\">\n\t\t\t\t\t\t<section class=\"elementor-section elementor-top-section elementor-element elementor-element-57eb29fb elementor-section-full_width elementor-section-height-default elementor-section-height-default\" data-id=\"57eb29fb\" data-element_type=\"section\" data-e-type=\"section\">\n\t\t\t\t\t\t<div class=\"elementor-container elementor-column-gap-default\">\n\t\t\t\t\t<div class=\"elementor-column elementor-col-100 elementor-top-column elementor-element elementor-element-562b2908\" data-id=\"562b2908\" data-element_type=\"column\" data-e-type=\"column\">\n\t\t\t<div class=\"elementor-widget-wrap elementor-element-populated\">\n\t\t\t\t\t\t<div class=\"elementor-element elementor-element-73d0b27d elementor-widget elementor-widget-text-editor\" data-id=\"73d0b27d\" data-element_type=\"widget\" data-e-type=\"widget\" data-widget_type=\"text-editor.default\">\n\t\t\t\t<div class=\"elementor-widget-container\">\n\t\t\t\t\t\t\t\t\t<p class=\"text-build-content\" style=\"line-height: 23px;\">El Comit\u00e9 de Cultura convoca este a\u00f1o el IX CONCURSO DE POSTALES NAVIDE\u00d1AS en el que pueden participar todos los hijos de colegiados de entre 5 y 10 a\u00f1os de edad.<\/p>\n<p class=\"text-build-content\" style=\"line-height: 23px;\">El plazo de presentaci\u00f3n est\u00e1 abierto hasta el pr\u00f3ximo 16 de diciembre de 2024, a las 14 h y el fallo se har\u00e1 p\u00fablico el 18 de diciembre.<\/p>\n<p class=\"text-build-content\" style=\"line-height: 23px;\">La Postal Navide\u00f1a ganadora de esta IX edici\u00f3n del concurso ser\u00e1 el dise\u00f1o con el que el Colegio de la Abogac\u00eda felicitar\u00e1 estas Navidades.&nbsp;<\/p>\n<p class=\"text-build-content\" style=\"line-height: 23px;\">De entre todas las postales presentadas, el Jurado elegir\u00e1 tres premios: el primero dotado con un cheque-regalo por valor de 150\u20ac; el segundo dotado con un cheque-regalo por valor de 90\u20ac; y el tercero dotado con un cheque-regalo por valor de 75\u20ac. Todos ellos a canjear en el establecimiento de papeler\u00eda y jugueter\u00eda indicado.&nbsp;<\/p>\n<p class=\"text-build-content\" style=\"line-height: 23px;\">Todas las obras presentadas formar\u00e1n parte de una exposici\u00f3n en el patio del Colegio durante el periodo navide\u00f1o.&nbsp;<\/p>\n<p class=\"text-build-content\" style=\"line-height: 23px;\"><a href=\"https:\/\/cms.icacordoba.23sd.es\/wp-content\/uploads\/2024\/12\/RS_003776_24.pdf\" target=\"_blank\" rel=\"noopener\">ACCEDE A LAS BASES DEL IX CONCURSO DE POSTALES NAVIDE\u00d1A<\/a><\/p>\t\t\t\t\t\t\t\t<\/div>\n\t\t\t\t<\/div>\n\t\t\t\t\t<\/div>\n\t\t<\/div>\n\t\t\t\t\t<\/div>\n\t\t<\/section>\n\t\t\t\t<\/div>\n\t\t","protected":false},"excerpt":{"rendered":"<p>El Comit\u00e9 de Cultura convoca este a\u00f1o el IX CONCURSO DE POSTALES NAVIDE\u00d1AS en el que pueden participar todos los hijos de colegiados de entre 5 y 10 a\u00f1os de edad. El plazo de presentaci\u00f3n est\u00e1 abierto hasta el pr\u00f3ximo 16 de diciembre de 2024, a las 14 h y el fallo se har\u00e1 p\u00fablico [&hellip;]<\/p>\n","protected":false},"author":1,"featured_media":0,"comment_status":"open","ping_status":"open","sticky":false,"template":"","format":"standard","meta":{"footnotes":""},"categories":[1],"tags":[],"class_list":["post-13662","post","type-post","status-publish","format-standard","hentry","category-uncategorized"],"_links":{"self":[{"href":"https:\/\/cms.icacordoba.23sd.es\/index.php\/wp-json\/wp\/v2\/posts\/13662","targetHints":{"allow":["GET"]}}],"collection":[{"href":"https:\/\/cms.icacordoba.23sd.es\/index.php\/wp-json\/wp\/v2\/posts"}],"about":[{"href":"https:\/\/cms.icacordoba.23sd.es\/index.php\/wp-json\/wp\/v2\/types\/post"}],"author":[{"embeddable":true,"href":"https:\/\/cms.icacordoba.23sd.es\/index.php\/wp-json\/wp\/v2\/users\/1"}],"replies":[{"embeddable":true,"href":"https:\/\/cms.icacordoba.23sd.es\/index.php\/wp-json\/wp\/v2\/comments?post=13662"}],"version-history":[{"count":12,"href":"https:\/\/cms.icacordoba.23sd.es\/index.php\/wp-json\/wp\/v2\/posts\/13662\/revisions"}],"predecessor-version":[{"id":13850,"href":"https:\/\/cms.icacordoba.23sd.es\/index.php\/wp-json\/wp\/v2\/posts\/13662\/revisions\/13850"}],"wp:attachment":[{"href":"https:\/\/cms.icacordoba.23sd.es\/index.php\/wp-json\/wp\/v2\/media?parent=13662"}],"wp:term":[{"taxonomy":"category","embeddable":true,"href":"https:\/\/cms.icacordoba.23sd.es\/index.php\/wp-json\/wp\/v2\/categories?post=13662"},{"taxonomy":"post_tag","embeddable":true,"href":"https:\/\/cms.icacordoba.23sd.es\/index.php\/wp-json\/wp\/v2\/tags?post=13662"}],"curies":[{"name":"wp","href":"https:\/\/api.w.org\/{rel}","templated":true}]}}