{"id":13608,"date":"2024-11-19T10:49:19","date_gmt":"2024-11-19T10:49:19","guid":{"rendered":"https:\/\/cms.icacordoba.23sd.es\/index.php\/13608\/"},"modified":"2024-11-19T12:52:59","modified_gmt":"2024-11-19T12:52:59","slug":"noticia-acto-con-motivo-del-dia-internacional-de-la-eliminacion-de-la-violencia-de-genero","status":"publish","type":"post","link":"https:\/\/cms.icacordoba.23sd.es\/index.php\/13608\/","title":{"rendered":"NOTICIA \u00bb Acto con motivo del D\u00eda Internacional de la Eliminaci\u00f3n de la Violencia de G\u00e9nero"},"content":{"rendered":"\t\t<div data-elementor-type=\"wp-post\" data-elementor-id=\"13608\" class=\"elementor elementor-13608\" data-elementor-post-type=\"post\">\n\t\t\t\t\t\t<section class=\"elementor-section elementor-top-section elementor-element elementor-element-94de1d7 elementor-section-full_width elementor-section-height-default elementor-section-height-default\" data-id=\"94de1d7\" data-element_type=\"section\" data-e-type=\"section\">\n\t\t\t\t\t\t<div class=\"elementor-container elementor-column-gap-narrow\">\n\t\t\t\t\t<div class=\"elementor-column elementor-col-66 elementor-top-column elementor-element elementor-element-986532b\" data-id=\"986532b\" data-element_type=\"column\" data-e-type=\"column\">\n\t\t\t<div class=\"elementor-widget-wrap elementor-element-populated\">\n\t\t\t\t\t\t<div class=\"elementor-element elementor-element-e0a0b96 elementor-widget elementor-widget-text-editor\" data-id=\"e0a0b96\" data-element_type=\"widget\" data-e-type=\"widget\" data-widget_type=\"text-editor.default\">\n\t\t\t\t<div class=\"elementor-widget-container\">\n\t\t\t\t\t\t\t\t\t<p>La Comisi\u00f3n de Violencia de G\u00e9nero, con motivo de la celebraci\u00f3n del D\u00eda Internacional para la Eliminaci\u00f3n de la Violencia de G\u00e9nero, organiza un acto que tendr\u00e1 lugar en el sal\u00f3n de actos de la sede colegial a partir de las 19.30 h.<\/p><p>En dicho acto, se dar\u00e1 lectura al Manifiesto contra la Violencia hacia la Mujer y se proyectar\u00e1 &#8216;AVA&#8217; el documental de Mabel Lozano sobre la esclavitud sexual de las m\u00e1s vulnerables.<\/p><p>Intervendr\u00e1 el Coro &#8216;Carmen Blanco&#8217; del ICA-C\u00f3rdoba.<\/p><p>Entrada libre y gratuita.<\/p>\t\t\t\t\t\t\t\t<\/div>\n\t\t\t\t<\/div>\n\t\t\t\t\t<\/div>\n\t\t<\/div>\n\t\t\t\t<div class=\"elementor-column elementor-col-33 elementor-top-column elementor-element elementor-element-d8fad38\" data-id=\"d8fad38\" data-element_type=\"column\" data-e-type=\"column\">\n\t\t\t<div class=\"elementor-widget-wrap elementor-element-populated\">\n\t\t\t\t\t\t<div class=\"elementor-element elementor-element-d9bea8a elementor-widget elementor-widget-image\" data-id=\"d9bea8a\" data-element_type=\"widget\" data-e-type=\"widget\" data-widget_type=\"image.default\">\n\t\t\t\t<div class=\"elementor-widget-container\">\n\t\t\t\t\t\t\t\t\t\t\t\t\t\t\t<img fetchpriority=\"high\" decoding=\"async\" width=\"800\" height=\"409\" src=\"https:\/\/cms.icacordoba.23sd.es\/wp-content\/uploads\/2024\/11\/Dia-contra-la-Violencia-de-Genero_2024-1024x523.jpg\" class=\"attachment-large size-large wp-image-13609\" alt=\"\" srcset=\"https:\/\/cms.icacordoba.23sd.es\/wp-content\/uploads\/2024\/11\/Dia-contra-la-Violencia-de-Genero_2024-1024x523.jpg 1024w, https:\/\/cms.icacordoba.23sd.es\/wp-content\/uploads\/2024\/11\/Dia-contra-la-Violencia-de-Genero_2024-300x153.jpg 300w, https:\/\/cms.icacordoba.23sd.es\/wp-content\/uploads\/2024\/11\/Dia-contra-la-Violencia-de-Genero_2024-768x392.jpg 768w, https:\/\/cms.icacordoba.23sd.es\/wp-content\/uploads\/2024\/11\/Dia-contra-la-Violencia-de-Genero_2024.jpg 1400w\" sizes=\"(max-width: 800px) 100vw, 800px\" \/>\t\t\t\t\t\t\t\t\t\t\t\t\t\t\t<\/div>\n\t\t\t\t<\/div>\n\t\t\t\t\t<\/div>\n\t\t<\/div>\n\t\t\t\t\t<\/div>\n\t\t<\/section>\n\t\t\t\t<\/div>\n\t\t","protected":false},"excerpt":{"rendered":"<p>La Comisi\u00f3n de Violencia de G\u00e9nero, con motivo de la celebraci\u00f3n del D\u00eda Internacional para la Eliminaci\u00f3n de la Violencia de G\u00e9nero, organiza un acto que tendr\u00e1 lugar en el sal\u00f3n de actos de la sede colegial a partir de las 19.30 h. En dicho acto, se dar\u00e1 lectura al Manifiesto contra la Violencia hacia [&hellip;]<\/p>\n","protected":false},"author":1,"featured_media":0,"comment_status":"open","ping_status":"open","sticky":false,"template":"","format":"standard","meta":{"footnotes":""},"categories":[1],"tags":[],"class_list":["post-13608","post","type-post","status-publish","format-standard","hentry","category-uncategorized"],"_links":{"self":[{"href":"https:\/\/cms.icacordoba.23sd.es\/index.php\/wp-json\/wp\/v2\/posts\/13608","targetHints":{"allow":["GET"]}}],"collection":[{"href":"https:\/\/cms.icacordoba.23sd.es\/index.php\/wp-json\/wp\/v2\/posts"}],"about":[{"href":"https:\/\/cms.icacordoba.23sd.es\/index.php\/wp-json\/wp\/v2\/types\/post"}],"author":[{"embeddable":true,"href":"https:\/\/cms.icacordoba.23sd.es\/index.php\/wp-json\/wp\/v2\/users\/1"}],"replies":[{"embeddable":true,"href":"https:\/\/cms.icacordoba.23sd.es\/index.php\/wp-json\/wp\/v2\/comments?post=13608"}],"version-history":[{"count":6,"href":"https:\/\/cms.icacordoba.23sd.es\/index.php\/wp-json\/wp\/v2\/posts\/13608\/revisions"}],"predecessor-version":[{"id":13615,"href":"https:\/\/cms.icacordoba.23sd.es\/index.php\/wp-json\/wp\/v2\/posts\/13608\/revisions\/13615"}],"wp:attachment":[{"href":"https:\/\/cms.icacordoba.23sd.es\/index.php\/wp-json\/wp\/v2\/media?parent=13608"}],"wp:term":[{"taxonomy":"category","embeddable":true,"href":"https:\/\/cms.icacordoba.23sd.es\/index.php\/wp-json\/wp\/v2\/categories?post=13608"},{"taxonomy":"post_tag","embeddable":true,"href":"https:\/\/cms.icacordoba.23sd.es\/index.php\/wp-json\/wp\/v2\/tags?post=13608"}],"curies":[{"name":"wp","href":"https:\/\/api.w.org\/{rel}","templated":true}]}}