{"id":135,"date":"2022-09-22T10:22:51","date_gmt":"2022-09-22T10:22:51","guid":{"rendered":"https:\/\/cms.icacordoba.23sd.es\/index.php\/135\/"},"modified":"2023-09-14T15:11:23","modified_gmt":"2023-09-14T15:11:23","slug":"necesitas-ayuda","status":"publish","type":"post","link":"https:\/\/cms.icacordoba.23sd.es\/index.php\/135\/","title":{"rendered":"\u00bfNECESITAS AYUDA?"},"content":{"rendered":"\t\t<div data-elementor-type=\"wp-post\" data-elementor-id=\"135\" class=\"elementor elementor-135\" data-elementor-post-type=\"post\">\n\t\t\t\t\t\t<section class=\"elementor-section elementor-top-section elementor-element elementor-element-e814bd6 elementor-section-full_width elementor-section-height-default elementor-section-height-default\" data-id=\"e814bd6\" data-element_type=\"section\" data-e-type=\"section\">\n\t\t\t\t\t\t<div class=\"elementor-container elementor-column-gap-default\">\n\t\t\t\t\t<div class=\"elementor-column elementor-col-50 elementor-top-column elementor-element elementor-element-77f9d29\" data-id=\"77f9d29\" data-element_type=\"column\" data-e-type=\"column\">\n\t\t\t<div class=\"elementor-widget-wrap elementor-element-populated\">\n\t\t\t\t\t\t<div class=\"elementor-element elementor-element-f80b99d elementor-widget elementor-widget-heading\" data-id=\"f80b99d\" data-element_type=\"widget\" data-e-type=\"widget\" data-widget_type=\"heading.default\">\n\t\t\t\t<div class=\"elementor-widget-container\">\n\t\t\t\t\t<h3 class=\"elementor-heading-title elementor-size-default\">Servicios de Asesoramiento Jur\u00eddico Gratuitos<\/h3>\t\t\t\t<\/div>\n\t\t\t\t<\/div>\n\t\t\t\t\t<\/div>\n\t\t<\/div>\n\t\t\t\t<div class=\"elementor-column elementor-col-50 elementor-top-column elementor-element elementor-element-85f8ce2\" data-id=\"85f8ce2\" data-element_type=\"column\" data-e-type=\"column\">\n\t\t\t<div class=\"elementor-widget-wrap\">\n\t\t\t\t\t\t\t<\/div>\n\t\t<\/div>\n\t\t\t\t\t<\/div>\n\t\t<\/section>\n\t\t\t\t<section class=\"elementor-section elementor-top-section elementor-element elementor-element-33e821fd elementor-section-full_width elementor-section-height-default elementor-section-height-default\" data-id=\"33e821fd\" data-element_type=\"section\" data-e-type=\"section\">\n\t\t\t\t\t\t<div class=\"elementor-container elementor-column-gap-extended\">\n\t\t\t\t\t<div class=\"elementor-column elementor-col-50 elementor-top-column elementor-element elementor-element-2994482d\" data-id=\"2994482d\" data-element_type=\"column\" data-e-type=\"column\">\n\t\t\t<div class=\"elementor-widget-wrap elementor-element-populated\">\n\t\t\t\t\t\t<div class=\"elementor-element elementor-element-2cdd5318 elementor-widget elementor-widget-heading\" data-id=\"2cdd5318\" data-element_type=\"widget\" data-e-type=\"widget\" data-widget_type=\"heading.default\">\n\t\t\t\t<div class=\"elementor-widget-container\">\n\t\t\t\t\t<h4 class=\"elementor-heading-title elementor-size-default\">Informaci\u00f3n<\/h4>\t\t\t\t<\/div>\n\t\t\t\t<\/div>\n\t\t\t\t<div class=\"elementor-element elementor-element-19d35122 elementor-widget elementor-widget-text-editor\" data-id=\"19d35122\" data-element_type=\"widget\" data-e-type=\"widget\" data-widget_type=\"text-editor.default\">\n\t\t\t\t<div class=\"elementor-widget-container\">\n\t\t\t\t\t\t\t\t\t<p>El Colegio de la Abogac\u00eda de C\u00f3rdoba\u00a0<span style=\"color: var( --e-global-color-text ); font-family: var( --e-global-typography-text-font-family ); font-weight: var( --e-global-typography-text-font-weight ); font-size: 1rem;\">promueve diversos programas de acci\u00f3n social en beneficio de los sectores m\u00e1s desfavorecidos, a trav\u00e9s de\u00a0<\/span><span style=\"color: var( --e-global-color-text ); font-family: var( --e-global-typography-text-font-family ); font-weight: var( --e-global-typography-text-font-weight ); font-size: 1rem;\">actuaciones concretas dirigidas a lograr la igualdad entre personas en todos los \u00e1mbitos de la vida con independencia de su lugar de nacimiento, raza, g\u00e9nero, identidad sexual, religi\u00f3n, opini\u00f3n o cualquier otra condici\u00f3n o circunstancia personal o social.<\/span><\/p><p><span style=\"color: var( --e-global-color-text ); font-family: var( --e-global-typography-text-font-family ); font-weight: var( --e-global-typography-text-font-weight ); font-size: 1rem;\">En concreto, el Colegio organiza y presta servicios gratuitos, dedicados a asesorar o, en su caso, defender a quienes no tengan acceso a otros servicios de asesoramiento o defensa gratuitos y se encuentren en situaciones de necesidad, desventaja o riesgo de exclusi\u00f3n social.<\/span><\/p><p><span style=\"color: var( --e-global-color-text ); font-family: var( --e-global-typography-text-font-family ); font-weight: var( --e-global-typography-text-font-weight ); font-size: 1rem;\">El Colegio de la Abogac\u00eda presta estos servicios en colaboraci\u00f3n con instituciones p\u00fablicas y organizaciones sociales.\u00a0<\/span><\/p>\t\t\t\t\t\t\t\t<\/div>\n\t\t\t\t<\/div>\n\t\t\t\t\t<\/div>\n\t\t<\/div>\n\t\t\t\t<div class=\"elementor-column elementor-col-50 elementor-top-column elementor-element elementor-element-152c78a\" data-id=\"152c78a\" data-element_type=\"column\" data-e-type=\"column\" data-settings=\"{&quot;background_background&quot;:&quot;classic&quot;}\">\n\t\t\t<div class=\"elementor-widget-wrap elementor-element-populated\">\n\t\t\t\t\t\t<div class=\"elementor-element elementor-element-257f6c50 elementor-widget elementor-widget-heading\" data-id=\"257f6c50\" data-element_type=\"widget\" data-e-type=\"widget\" data-widget_type=\"heading.default\">\n\t\t\t\t<div class=\"elementor-widget-container\">\n\t\t\t\t\t<h4 class=\"elementor-heading-title elementor-size-default\">\u00bfNecesitas Ayuda?<\/h4>\t\t\t\t<\/div>\n\t\t\t\t<\/div>\n\t\t\t\t<div class=\"elementor-element elementor-element-300db96 elementor-widget elementor-widget-global elementor-global-3821 elementor-widget-toggle\" data-id=\"300db96\" data-element_type=\"widget\" data-e-type=\"widget\" data-widget_type=\"toggle.default\">\n\t\t\t\t<div class=\"elementor-widget-container\">\n\t\t\t\t\t\t\t<div class=\"elementor-toggle\">\n\t\t\t\t\t\t\t<div class=\"elementor-toggle-item\">\n\t\t\t\t\t<h5 id=\"elementor-tab-title-5031\" class=\"elementor-tab-title\" data-tab=\"1\" role=\"button\" aria-controls=\"elementor-tab-content-5031\" aria-expanded=\"false\">\n\t\t\t\t\t\t\t\t\t\t\t\t<span class=\"elementor-toggle-icon elementor-toggle-icon-right\" aria-hidden=\"true\">\n\t\t\t\t\t\t\t\t\t\t\t\t\t\t\t<span class=\"elementor-toggle-icon-closed\"><i class=\"fas fa-caret-right\"><\/i><\/span>\n\t\t\t\t\t\t\t\t<span class=\"elementor-toggle-icon-opened\"><i class=\"elementor-toggle-icon-opened fas fa-caret-up\"><\/i><\/span>\n\t\t\t\t\t\t\t\t\t\t\t\t\t<\/span>\n\t\t\t\t\t\t\t\t\t\t\t\t<a class=\"elementor-toggle-title\" tabindex=\"0\">Atenci\u00f3n Integral a V\u00edctimas de Violencia de G\u00e9nero<\/a>\n\t\t\t\t\t<\/h5>\n\n\t\t\t\t\t<div id=\"elementor-tab-content-5031\" class=\"elementor-tab-content elementor-clearfix\" data-tab=\"1\" role=\"region\" aria-labelledby=\"elementor-tab-title-5031\"><p>El Servicio de Asesor\u00eda Jur\u00eddica Gratuita para V\u00edctimas de Violencia de G\u00e9nero funciona desde el a\u00f1o 2007 fruto de un convenio de colaboraci\u00f3n entre el Colegio de la Abogac\u00eda de C\u00f3rdoba y el Ayuntamiento. El servicio se ha convertido en un referente para las personas que necesitan apoyo y asesoramiento integral para salir de la situaci\u00f3n de violencia que viven, y tambi\u00e9n, en un recurso cada vez m\u00e1s demandado por colectivos sociales y profesionales que requieren orientaci\u00f3n relacionada con la prevenci\u00f3n y concienciaci\u00f3n ante la violencia de g\u00e9nero.&nbsp;<\/p>\n<p><a href=\"https:\/\/www.icacordoba.com\/Secciones\/asesoramiento-juridico-gratuito-v-ctimas-violencia-de-genero\" target=\"_blank\" rel=\"noopener\">M\u00e1s informaci\u00f3n<\/a><\/p><\/div>\n\t\t\t\t<\/div>\n\t\t\t\t\t\t\t<div class=\"elementor-toggle-item\">\n\t\t\t\t\t<h5 id=\"elementor-tab-title-5032\" class=\"elementor-tab-title\" data-tab=\"2\" role=\"button\" aria-controls=\"elementor-tab-content-5032\" aria-expanded=\"false\">\n\t\t\t\t\t\t\t\t\t\t\t\t<span class=\"elementor-toggle-icon elementor-toggle-icon-right\" aria-hidden=\"true\">\n\t\t\t\t\t\t\t\t\t\t\t\t\t\t\t<span class=\"elementor-toggle-icon-closed\"><i class=\"fas fa-caret-right\"><\/i><\/span>\n\t\t\t\t\t\t\t\t<span class=\"elementor-toggle-icon-opened\"><i class=\"elementor-toggle-icon-opened fas fa-caret-up\"><\/i><\/span>\n\t\t\t\t\t\t\t\t\t\t\t\t\t<\/span>\n\t\t\t\t\t\t\t\t\t\t\t\t<a class=\"elementor-toggle-title\" tabindex=\"0\">Servicio de Orientaci\u00f3n Jur\u00eddica Penitenciaria<\/a>\n\t\t\t\t\t<\/h5>\n\n\t\t\t\t\t<div id=\"elementor-tab-content-5032\" class=\"elementor-tab-content elementor-clearfix\" data-tab=\"2\" role=\"region\" aria-labelledby=\"elementor-tab-title-5032\"><p>El Servicio de Orientaci\u00f3n y Asistencia Jur\u00eddica Penitenciaria es un servicio que prestan los Colegios de Abogados de Andaluc\u00eda a trav\u00e9s de letrados especializados en Derecho Penitenciario, y cuyo fin es la orientaci\u00f3n, el asesoramiento y la asistencia jur\u00eddica a los\/as internos\/as de los centros penitenciarios que as\u00ed lo soliciten.<\/p><p>Esta solicitud se podr\u00e1 tramitar cumplimentando el modelo de instancia que se facilitara en el propio Centro Penitenciario.<\/p><p><a href=\"https:\/\/www.icacordoba.com\/Secciones\/orientacion-juridica-penitenciaria\" target=\"_blank\" rel=\"noopener\">M\u00e1s informaci\u00f3n<\/a><\/p><\/div>\n\t\t\t\t<\/div>\n\t\t\t\t\t\t\t<div class=\"elementor-toggle-item\">\n\t\t\t\t\t<h5 id=\"elementor-tab-title-5033\" class=\"elementor-tab-title\" data-tab=\"3\" role=\"button\" aria-controls=\"elementor-tab-content-5033\" aria-expanded=\"false\">\n\t\t\t\t\t\t\t\t\t\t\t\t<span class=\"elementor-toggle-icon elementor-toggle-icon-right\" aria-hidden=\"true\">\n\t\t\t\t\t\t\t\t\t\t\t\t\t\t\t<span class=\"elementor-toggle-icon-closed\"><i class=\"fas fa-caret-right\"><\/i><\/span>\n\t\t\t\t\t\t\t\t<span class=\"elementor-toggle-icon-opened\"><i class=\"elementor-toggle-icon-opened fas fa-caret-up\"><\/i><\/span>\n\t\t\t\t\t\t\t\t\t\t\t\t\t<\/span>\n\t\t\t\t\t\t\t\t\t\t\t\t<a class=\"elementor-toggle-title\" tabindex=\"0\">Orientaci\u00f3n Jur\u00eddica Barrio Las Palmeras<\/a>\n\t\t\t\t\t<\/h5>\n\n\t\t\t\t\t<div id=\"elementor-tab-content-5033\" class=\"elementor-tab-content elementor-clearfix\" data-tab=\"3\" role=\"region\" aria-labelledby=\"elementor-tab-title-5033\"><p>Desde el a\u00f1o 2013, gracias a un acuerdo de colaboraci\u00f3n con la Asociaci\u00f3n Estrella Azahara, el Colegio de la Abogac\u00eda de C\u00f3rdoba presta un servicio de asesoramiento jur\u00eddico gratuito para los vecinos del barrio de las Palmeras, usuarios de dicha asociaci\u00f3n.<\/p><p>Un grupo de profesionales de la Abogac\u00eda prestan este servicio de forma voluntaria y altruista, en la propia sede de la Asociaci\u00f3n.<\/p><p><a href=\"https:\/\/www.icacordoba.com\/Secciones\/orientacion-juridica-barrio-de-las-palmeras\" target=\"_blank\" rel=\"noopener\">M\u00e1s informaci\u00f3n<\/a><\/p><\/div>\n\t\t\t\t<\/div>\n\t\t\t\t\t\t\t<div class=\"elementor-toggle-item\">\n\t\t\t\t\t<h5 id=\"elementor-tab-title-5034\" class=\"elementor-tab-title\" data-tab=\"4\" role=\"button\" aria-controls=\"elementor-tab-content-5034\" aria-expanded=\"false\">\n\t\t\t\t\t\t\t\t\t\t\t\t<span class=\"elementor-toggle-icon elementor-toggle-icon-right\" aria-hidden=\"true\">\n\t\t\t\t\t\t\t\t\t\t\t\t\t\t\t<span class=\"elementor-toggle-icon-closed\"><i class=\"fas fa-caret-right\"><\/i><\/span>\n\t\t\t\t\t\t\t\t<span class=\"elementor-toggle-icon-opened\"><i class=\"elementor-toggle-icon-opened fas fa-caret-up\"><\/i><\/span>\n\t\t\t\t\t\t\t\t\t\t\t\t\t<\/span>\n\t\t\t\t\t\t\t\t\t\t\t\t<a class=\"elementor-toggle-title\" tabindex=\"0\">Asistencia a V\u00edctimas de Trata de Seres Humanos<\/a>\n\t\t\t\t\t<\/h5>\n\n\t\t\t\t\t<div id=\"elementor-tab-content-5034\" class=\"elementor-tab-content elementor-clearfix\" data-tab=\"4\" role=\"region\" aria-labelledby=\"elementor-tab-title-5034\"><p>Desde el a\u00f1o 2014, fruto de un convenio de colaboraci\u00f3n con Cruz Roja-C\u00f3rdoba, el servicio tiene la finalidad de dar una cobertura y prestar asistencia jur\u00eddica integral a las v\u00edctimas de trata de seres humanos con fines de explotaci\u00f3n sexual.<\/p><p>El acuerdo, al que se sumaron otros colectivos como Mujeres en Zona de Conflicto y ACCEM, establece un protocolo de actuaci\u00f3n y coordinaci\u00f3n para la detecci\u00f3n, identificaci\u00f3n, asistencia y protecci\u00f3n de las v\u00edctimas, a fin de garantizar una atenci\u00f3n inmediata.<\/p><p><a href=\"https:\/\/www.icacordoba.com\/Secciones\/victimas-de-trata-de-seres-humanos\" target=\"_blank\" rel=\"noopener\">M\u00e1s informaci\u00f3n<\/a><\/p><\/div>\n\t\t\t\t<\/div>\n\t\t\t\t\t\t\t<div class=\"elementor-toggle-item\">\n\t\t\t\t\t<h5 id=\"elementor-tab-title-5035\" class=\"elementor-tab-title\" data-tab=\"5\" role=\"button\" aria-controls=\"elementor-tab-content-5035\" aria-expanded=\"false\">\n\t\t\t\t\t\t\t\t\t\t\t\t<span class=\"elementor-toggle-icon elementor-toggle-icon-right\" aria-hidden=\"true\">\n\t\t\t\t\t\t\t\t\t\t\t\t\t\t\t<span class=\"elementor-toggle-icon-closed\"><i class=\"fas fa-caret-right\"><\/i><\/span>\n\t\t\t\t\t\t\t\t<span class=\"elementor-toggle-icon-opened\"><i class=\"elementor-toggle-icon-opened fas fa-caret-up\"><\/i><\/span>\n\t\t\t\t\t\t\t\t\t\t\t\t\t<\/span>\n\t\t\t\t\t\t\t\t\t\t\t\t<a class=\"elementor-toggle-title\" tabindex=\"0\">Orientaci\u00f3n Jur\u00eddica Usuarios Tarjeta Andaluc\u00eda Sesentaycinco<\/a>\n\t\t\t\t\t<\/h5>\n\n\t\t\t\t\t<div id=\"elementor-tab-content-5035\" class=\"elementor-tab-content elementor-clearfix\" data-tab=\"5\" role=\"region\" aria-labelledby=\"elementor-tab-title-5035\"><p>Las personas titulares de la Tarjeta Andaluc\u00eda Junta sesentaycinco, que adem\u00e1s sean socios\/as de un Centro de Participaci\u00f3n Activa de la Junta de Andaluc\u00eda, pueden consultar sus dudas jur\u00eddico-legales de forma totalmente gratuita.<\/p>\n<p>Peri\u00f3dicamente, durante hora y media, profesionales del Colegio de la Abogac\u00eda de C\u00f3rdoba se desplazan a los Centros de Participaci\u00f3n Activa de la Junta de Andaluc\u00eda donde atienden las cuestiones y dudas que puedan plantear los usuarios.<\/p>\n<p>Estos\/as profesionales ofrecen informaci\u00f3n verbal sobre consultas de su pensi\u00f3n, problemas relacionados con su comunidad de vecinos, dudas de c\u00f3mo formalizar una herencia o c\u00f3mo solicitar ayudas a instituciones p\u00fablicas, entre otras cuestiones.<\/p>\n<p><a href=\"https:\/\/www.icacordoba.com\/Secciones\/mayores-de-65-a-os\" target=\"_blank\" rel=\"noopener\">M\u00e1s informaci\u00f3n<\/a><\/p><\/div>\n\t\t\t\t<\/div>\n\t\t\t\t\t\t\t\t<\/div>\n\t\t\t\t\t\t<\/div>\n\t\t\t\t<\/div>\n\t\t\t\t\t<\/div>\n\t\t<\/div>\n\t\t\t\t\t<\/div>\n\t\t<\/section>\n\t\t\t\t<\/div>\n\t\t","protected":false},"excerpt":{"rendered":"<p>Servicios de Asesoramiento Jur\u00eddico Gratuitos Informaci\u00f3n El Colegio de la Abogac\u00eda de C\u00f3rdoba\u00a0promueve diversos programas de acci\u00f3n social en beneficio de los sectores m\u00e1s desfavorecidos, a trav\u00e9s de\u00a0actuaciones concretas dirigidas a lograr la igualdad entre personas en todos los \u00e1mbitos de la vida con independencia de su lugar de nacimiento, raza, g\u00e9nero, identidad sexual, religi\u00f3n, [&hellip;]<\/p>\n","protected":false},"author":1,"featured_media":0,"comment_status":"open","ping_status":"open","sticky":false,"template":"","format":"standard","meta":{"footnotes":""},"categories":[1],"tags":[],"class_list":["post-135","post","type-post","status-publish","format-standard","hentry","category-uncategorized"],"_links":{"self":[{"href":"https:\/\/cms.icacordoba.23sd.es\/index.php\/wp-json\/wp\/v2\/posts\/135","targetHints":{"allow":["GET"]}}],"collection":[{"href":"https:\/\/cms.icacordoba.23sd.es\/index.php\/wp-json\/wp\/v2\/posts"}],"about":[{"href":"https:\/\/cms.icacordoba.23sd.es\/index.php\/wp-json\/wp\/v2\/types\/post"}],"author":[{"embeddable":true,"href":"https:\/\/cms.icacordoba.23sd.es\/index.php\/wp-json\/wp\/v2\/users\/1"}],"replies":[{"embeddable":true,"href":"https:\/\/cms.icacordoba.23sd.es\/index.php\/wp-json\/wp\/v2\/comments?post=135"}],"version-history":[{"count":42,"href":"https:\/\/cms.icacordoba.23sd.es\/index.php\/wp-json\/wp\/v2\/posts\/135\/revisions"}],"predecessor-version":[{"id":8277,"href":"https:\/\/cms.icacordoba.23sd.es\/index.php\/wp-json\/wp\/v2\/posts\/135\/revisions\/8277"}],"wp:attachment":[{"href":"https:\/\/cms.icacordoba.23sd.es\/index.php\/wp-json\/wp\/v2\/media?parent=135"}],"wp:term":[{"taxonomy":"category","embeddable":true,"href":"https:\/\/cms.icacordoba.23sd.es\/index.php\/wp-json\/wp\/v2\/categories?post=135"},{"taxonomy":"post_tag","embeddable":true,"href":"https:\/\/cms.icacordoba.23sd.es\/index.php\/wp-json\/wp\/v2\/tags?post=135"}],"curies":[{"name":"wp","href":"https:\/\/api.w.org\/{rel}","templated":true}]}}