{"id":13381,"date":"2024-10-23T17:29:21","date_gmt":"2024-10-23T17:29:21","guid":{"rendered":"https:\/\/cms.icacordoba.23sd.es\/index.php\/13381\/"},"modified":"2024-10-23T17:33:06","modified_gmt":"2024-10-23T17:33:06","slug":"noticia-encuentro-juridico-octubre-mediacion-penal-presentacion-sempa","status":"publish","type":"post","link":"https:\/\/cms.icacordoba.23sd.es\/index.php\/13381\/","title":{"rendered":"NOTICIA \u00bb Encuentro Jur\u00eddico Octubre &#8211; Mediaci\u00f3n Penal: Presentaci\u00f3n SEMPA"},"content":{"rendered":"\t\t<div data-elementor-type=\"wp-post\" data-elementor-id=\"13381\" class=\"elementor elementor-13381\" data-elementor-post-type=\"post\">\n\t\t\t\t\t\t<section class=\"elementor-section elementor-top-section elementor-element elementor-element-28e5c80 elementor-section-full_width elementor-section-height-default elementor-section-height-default\" data-id=\"28e5c80\" data-element_type=\"section\" data-e-type=\"section\">\n\t\t\t\t\t\t<div class=\"elementor-container elementor-column-gap-default\">\n\t\t\t\t\t<div class=\"elementor-column elementor-col-66 elementor-top-column elementor-element elementor-element-9d316ca\" data-id=\"9d316ca\" data-element_type=\"column\" data-e-type=\"column\">\n\t\t\t<div class=\"elementor-widget-wrap elementor-element-populated\">\n\t\t\t\t\t\t<div class=\"elementor-element elementor-element-616e609 elementor-widget elementor-widget-text-editor\" data-id=\"616e609\" data-element_type=\"widget\" data-e-type=\"widget\" data-widget_type=\"text-editor.default\">\n\t\t\t\t<div class=\"elementor-widget-container\">\n\t\t\t\t\t\t\t\t\t<p>La Agrupaci\u00f3n de J\u00f3venes Abogados, en colaboraci\u00f3n con la Comisi\u00f3n de Mediaci\u00f3n Civil y Arbitraje, organiza un nuevo encuentro jur\u00eddico.<\/p><p>Con el t\u00edtulo \u00abMediaci\u00f3n Penal. Presentaci\u00f3n del SEMPA\u00bb, tendr\u00e1 lugar el 30 de octubre, a las 19.30 h, en el sal\u00f3n de actos de la sede colegial.<\/p><p>Intervendr\u00e1n:<\/p><ul><li><b>D\u00f1a. Ana Mar\u00eda Saravia<\/b>, Magistrada Juez.<\/li><li><b>D\u00f1a. Cristina Ortega,<\/b> responsable del Servicio de Mediaci\u00f3n Penal para Andaluc\u00eda.\u00a0<\/li><\/ul><p>\u00a0<\/p><p>La asistencia es exclusivamente presencial. Aforo limitado al sal\u00f3n de actos.<\/p><p>Tras el encuentro jur\u00eddico, y como es habitual, se ofrecer\u00e1 un refresco para que podamos comentar distendidamente todo lo relacionado con la materia.<\/p><p>\u00a0<\/p>\t\t\t\t\t\t\t\t<\/div>\n\t\t\t\t<\/div>\n\t\t\t\t\t<\/div>\n\t\t<\/div>\n\t\t\t\t<div class=\"elementor-column elementor-col-33 elementor-top-column elementor-element elementor-element-adff813\" data-id=\"adff813\" data-element_type=\"column\" data-e-type=\"column\">\n\t\t\t<div class=\"elementor-widget-wrap elementor-element-populated\">\n\t\t\t\t\t\t<div class=\"elementor-element elementor-element-4cf2cea elementor-widget elementor-widget-image\" data-id=\"4cf2cea\" data-element_type=\"widget\" data-e-type=\"widget\" data-widget_type=\"image.default\">\n\t\t\t\t<div class=\"elementor-widget-container\">\n\t\t\t\t\t\t\t\t\t\t\t\t\t\t\t<img fetchpriority=\"high\" decoding=\"async\" width=\"800\" height=\"800\" src=\"https:\/\/cms.icacordoba.23sd.es\/wp-content\/uploads\/2024\/10\/Evento-Juridico-Octubre-1024x1024.jpg\" class=\"attachment-large size-large wp-image-13382\" alt=\"\" srcset=\"https:\/\/cms.icacordoba.23sd.es\/wp-content\/uploads\/2024\/10\/Evento-Juridico-Octubre-1024x1024.jpg 1024w, https:\/\/cms.icacordoba.23sd.es\/wp-content\/uploads\/2024\/10\/Evento-Juridico-Octubre-300x300.jpg 300w, https:\/\/cms.icacordoba.23sd.es\/wp-content\/uploads\/2024\/10\/Evento-Juridico-Octubre-150x150.jpg 150w, https:\/\/cms.icacordoba.23sd.es\/wp-content\/uploads\/2024\/10\/Evento-Juridico-Octubre-768x768.jpg 768w, https:\/\/cms.icacordoba.23sd.es\/wp-content\/uploads\/2024\/10\/Evento-Juridico-Octubre.jpg 1080w\" sizes=\"(max-width: 800px) 100vw, 800px\" \/>\t\t\t\t\t\t\t\t\t\t\t\t\t\t\t<\/div>\n\t\t\t\t<\/div>\n\t\t\t\t\t<\/div>\n\t\t<\/div>\n\t\t\t\t\t<\/div>\n\t\t<\/section>\n\t\t\t\t<\/div>\n\t\t","protected":false},"excerpt":{"rendered":"<p>La Agrupaci\u00f3n de J\u00f3venes Abogados, en colaboraci\u00f3n con la Comisi\u00f3n de Mediaci\u00f3n Civil y Arbitraje, organiza un nuevo encuentro jur\u00eddico. Con el t\u00edtulo \u00abMediaci\u00f3n Penal. Presentaci\u00f3n del SEMPA\u00bb, tendr\u00e1 lugar el 30 de octubre, a las 19.30 h, en el sal\u00f3n de actos de la sede colegial. Intervendr\u00e1n: D\u00f1a. Ana Mar\u00eda Saravia, Magistrada Juez. D\u00f1a. [&hellip;]<\/p>\n","protected":false},"author":1,"featured_media":0,"comment_status":"open","ping_status":"open","sticky":false,"template":"","format":"standard","meta":{"footnotes":""},"categories":[1],"tags":[],"class_list":["post-13381","post","type-post","status-publish","format-standard","hentry","category-uncategorized"],"_links":{"self":[{"href":"https:\/\/cms.icacordoba.23sd.es\/index.php\/wp-json\/wp\/v2\/posts\/13381","targetHints":{"allow":["GET"]}}],"collection":[{"href":"https:\/\/cms.icacordoba.23sd.es\/index.php\/wp-json\/wp\/v2\/posts"}],"about":[{"href":"https:\/\/cms.icacordoba.23sd.es\/index.php\/wp-json\/wp\/v2\/types\/post"}],"author":[{"embeddable":true,"href":"https:\/\/cms.icacordoba.23sd.es\/index.php\/wp-json\/wp\/v2\/users\/1"}],"replies":[{"embeddable":true,"href":"https:\/\/cms.icacordoba.23sd.es\/index.php\/wp-json\/wp\/v2\/comments?post=13381"}],"version-history":[{"count":3,"href":"https:\/\/cms.icacordoba.23sd.es\/index.php\/wp-json\/wp\/v2\/posts\/13381\/revisions"}],"predecessor-version":[{"id":13385,"href":"https:\/\/cms.icacordoba.23sd.es\/index.php\/wp-json\/wp\/v2\/posts\/13381\/revisions\/13385"}],"wp:attachment":[{"href":"https:\/\/cms.icacordoba.23sd.es\/index.php\/wp-json\/wp\/v2\/media?parent=13381"}],"wp:term":[{"taxonomy":"category","embeddable":true,"href":"https:\/\/cms.icacordoba.23sd.es\/index.php\/wp-json\/wp\/v2\/categories?post=13381"},{"taxonomy":"post_tag","embeddable":true,"href":"https:\/\/cms.icacordoba.23sd.es\/index.php\/wp-json\/wp\/v2\/tags?post=13381"}],"curies":[{"name":"wp","href":"https:\/\/api.w.org\/{rel}","templated":true}]}}