{"id":12957,"date":"2024-09-24T17:28:27","date_gmt":"2024-09-24T17:28:27","guid":{"rendered":"https:\/\/cms.icacordoba.23sd.es\/index.php\/12957\/"},"modified":"2024-09-24T18:05:31","modified_gmt":"2024-09-24T18:05:31","slug":"noticia-cordoba-acoge-el-pleno-trimestral-de-la-federacion-andaluza-de-jovenes-abogados","status":"publish","type":"post","link":"https:\/\/cms.icacordoba.23sd.es\/index.php\/12957\/","title":{"rendered":"NOTICIA \u00bb C\u00f3rdoba acoge el Pleno Trimestral de la Federaci\u00f3n Andaluza de J\u00f3venes Abogados"},"content":{"rendered":"\t\t<div data-elementor-type=\"wp-post\" data-elementor-id=\"12957\" class=\"elementor elementor-12957\" data-elementor-post-type=\"post\">\n\t\t\t\t\t\t<section class=\"elementor-section elementor-top-section elementor-element elementor-element-41b8e7d elementor-section-full_width elementor-section-height-default elementor-section-height-default\" data-id=\"41b8e7d\" data-element_type=\"section\" data-e-type=\"section\">\n\t\t\t\t\t\t<div class=\"elementor-container elementor-column-gap-extended\">\n\t\t\t\t\t<div class=\"elementor-column elementor-col-66 elementor-top-column elementor-element elementor-element-de090af\" data-id=\"de090af\" data-element_type=\"column\" data-e-type=\"column\">\n\t\t\t<div class=\"elementor-widget-wrap elementor-element-populated\">\n\t\t\t\t\t\t<div class=\"elementor-element elementor-element-fbc6baa elementor-widget elementor-widget-text-editor\" data-id=\"fbc6baa\" data-element_type=\"widget\" data-e-type=\"widget\" data-widget_type=\"text-editor.default\">\n\t\t\t\t<div class=\"elementor-widget-container\">\n\t\t\t\t\t\t\t\t\t<p><span style=\"color: #005587;\">La Federaci\u00f3n Andaluza de J\u00f3venes Abogados celebra en C\u00f3rdoba su Pleno Trimestral. Tendr\u00e1 lugar los d\u00edas 4 y 5 de octubre en la sede del Colegio de la Abogac\u00eda.<\/span><\/p>\n<p><span style=\"color: #005587;\">La conferencia inaugural, titulada <b>\u00abCl\u00e1usulas abusivas. Visi\u00f3n pr\u00e1ctica y excepciones\u00bb<\/b> ser\u00e1 pronunciada por la <b>jueza Mercedes Daza <\/b>y tendr\u00e1 lugar el viernes, d\u00eda 4 de octubre, a las 18:30 horas, en el sal\u00f3n de actos de la sede colegial.<\/span><\/p>\n<p><span style=\"color: #005587;\">La asistencia a la conferencia, que se celebrar\u00e1 exclusivamente en modalidad presencial, es libre y gratuita, hasta completar aforo.<\/span><\/p>\n<p><span style=\"color: #005587;\">Aquellos colegiados interesados en asistir al resto de actividades que incluye este encuentro profesional, pueden realizar su inscripci\u00f3n a trav\u00e9s del siguiente enlace. El plazo de inscripci\u00f3n est\u00e1 abierto hasta el 30 de septiembre.<\/span><\/p>\t\t\t\t\t\t\t\t<\/div>\n\t\t\t\t<\/div>\n\t\t\t\t<div class=\"elementor-element elementor-element-8869a9c elementor-widget-divider--view-line elementor-widget elementor-widget-divider\" data-id=\"8869a9c\" data-element_type=\"widget\" data-e-type=\"widget\" data-widget_type=\"divider.default\">\n\t\t\t\t<div class=\"elementor-widget-container\">\n\t\t\t\t\t\t\t<div class=\"elementor-divider\">\n\t\t\t<span class=\"elementor-divider-separator\">\n\t\t\t\t\t\t<\/span>\n\t\t<\/div>\n\t\t\t\t\t\t<\/div>\n\t\t\t\t<\/div>\n\t\t\t\t<div class=\"elementor-element elementor-element-c3846e7 elementor-widget elementor-widget-button\" data-id=\"c3846e7\" data-element_type=\"widget\" data-e-type=\"widget\" data-widget_type=\"button.default\">\n\t\t\t\t<div class=\"elementor-widget-container\">\n\t\t\t\t\t\t\t\t\t<div class=\"elementor-button-wrapper\">\n\t\t\t\t\t<a class=\"elementor-button elementor-button-link elementor-size-md\" href=\"https:\/\/forms.office.com\/e\/DF7Spe5tw7\" target=\"_blank\">\n\t\t\t\t\t\t<span class=\"elementor-button-content-wrapper\">\n\t\t\t\t\t\t\t\t\t<span class=\"elementor-button-text\">ACCEDE A LA INSCRIPCI\u00d3N<\/span>\n\t\t\t\t\t<\/span>\n\t\t\t\t\t<\/a>\n\t\t\t\t<\/div>\n\t\t\t\t\t\t\t\t<\/div>\n\t\t\t\t<\/div>\n\t\t\t\t\t<\/div>\n\t\t<\/div>\n\t\t\t\t<div class=\"elementor-column elementor-col-33 elementor-top-column elementor-element elementor-element-c23dde9\" data-id=\"c23dde9\" data-element_type=\"column\" data-e-type=\"column\">\n\t\t\t<div class=\"elementor-widget-wrap elementor-element-populated\">\n\t\t\t\t\t\t<div class=\"elementor-element elementor-element-96529b2 elementor-widget elementor-widget-image\" data-id=\"96529b2\" data-element_type=\"widget\" data-e-type=\"widget\" data-widget_type=\"image.default\">\n\t\t\t\t<div class=\"elementor-widget-container\">\n\t\t\t\t\t\t\t\t\t\t\t\t\t\t\t\t<a href=\"https:\/\/cms.icacordoba.23sd.es\/wp-content\/uploads\/2024\/09\/PLENO-TRIMESTRAL-FADEJA_Cordoba_Ins.pdf\" target=\"_blank\">\n\t\t\t\t\t\t\t<img fetchpriority=\"high\" decoding=\"async\" width=\"800\" height=\"800\" src=\"https:\/\/cms.icacordoba.23sd.es\/wp-content\/uploads\/2024\/09\/PLENO-TRIMESTRAL-FADEJA_Cordoba-1024x1024.jpg\" class=\"attachment-large size-large wp-image-12959\" alt=\"\" srcset=\"https:\/\/cms.icacordoba.23sd.es\/wp-content\/uploads\/2024\/09\/PLENO-TRIMESTRAL-FADEJA_Cordoba-1024x1024.jpg 1024w, https:\/\/cms.icacordoba.23sd.es\/wp-content\/uploads\/2024\/09\/PLENO-TRIMESTRAL-FADEJA_Cordoba-300x300.jpg 300w, https:\/\/cms.icacordoba.23sd.es\/wp-content\/uploads\/2024\/09\/PLENO-TRIMESTRAL-FADEJA_Cordoba-150x150.jpg 150w, https:\/\/cms.icacordoba.23sd.es\/wp-content\/uploads\/2024\/09\/PLENO-TRIMESTRAL-FADEJA_Cordoba-768x768.jpg 768w, https:\/\/cms.icacordoba.23sd.es\/wp-content\/uploads\/2024\/09\/PLENO-TRIMESTRAL-FADEJA_Cordoba.jpg 1080w\" sizes=\"(max-width: 800px) 100vw, 800px\" \/>\t\t\t\t\t\t\t\t<\/a>\n\t\t\t\t\t\t\t\t\t\t\t\t\t\t\t<\/div>\n\t\t\t\t<\/div>\n\t\t\t\t<div class=\"elementor-element elementor-element-cdab973 elementor-align-center elementor-widget elementor-widget-button\" data-id=\"cdab973\" data-element_type=\"widget\" data-e-type=\"widget\" data-widget_type=\"button.default\">\n\t\t\t\t<div class=\"elementor-widget-container\">\n\t\t\t\t\t\t\t\t\t<div class=\"elementor-button-wrapper\">\n\t\t\t\t\t<a class=\"elementor-button elementor-button-link elementor-size-sm\" href=\"https:\/\/cms.icacordoba.23sd.es\/wp-content\/uploads\/2024\/09\/PLENO-TRIMESTRAL-FADEJA_Cordoba_Ins.pdf\" target=\"_blank\">\n\t\t\t\t\t\t<span class=\"elementor-button-content-wrapper\">\n\t\t\t\t\t\t\t\t\t<span class=\"elementor-button-text\">DESCARGA EL PROGRAMA<\/span>\n\t\t\t\t\t<\/span>\n\t\t\t\t\t<\/a>\n\t\t\t\t<\/div>\n\t\t\t\t\t\t\t\t<\/div>\n\t\t\t\t<\/div>\n\t\t\t\t\t<\/div>\n\t\t<\/div>\n\t\t\t\t\t<\/div>\n\t\t<\/section>\n\t\t\t\t<\/div>\n\t\t","protected":false},"excerpt":{"rendered":"<p>La Federaci\u00f3n Andaluza de J\u00f3venes Abogados celebra en C\u00f3rdoba su Pleno Trimestral. Tendr\u00e1 lugar los d\u00edas 4 y 5 de octubre en la sede del Colegio de la Abogac\u00eda. La conferencia inaugural, titulada \u00abCl\u00e1usulas abusivas. Visi\u00f3n pr\u00e1ctica y excepciones\u00bb ser\u00e1 pronunciada por la jueza Mercedes Daza y tendr\u00e1 lugar el viernes, d\u00eda 4 de octubre, [&hellip;]<\/p>\n","protected":false},"author":1,"featured_media":0,"comment_status":"open","ping_status":"open","sticky":false,"template":"","format":"standard","meta":{"footnotes":""},"categories":[1],"tags":[],"class_list":["post-12957","post","type-post","status-publish","format-standard","hentry","category-uncategorized"],"_links":{"self":[{"href":"https:\/\/cms.icacordoba.23sd.es\/index.php\/wp-json\/wp\/v2\/posts\/12957","targetHints":{"allow":["GET"]}}],"collection":[{"href":"https:\/\/cms.icacordoba.23sd.es\/index.php\/wp-json\/wp\/v2\/posts"}],"about":[{"href":"https:\/\/cms.icacordoba.23sd.es\/index.php\/wp-json\/wp\/v2\/types\/post"}],"author":[{"embeddable":true,"href":"https:\/\/cms.icacordoba.23sd.es\/index.php\/wp-json\/wp\/v2\/users\/1"}],"replies":[{"embeddable":true,"href":"https:\/\/cms.icacordoba.23sd.es\/index.php\/wp-json\/wp\/v2\/comments?post=12957"}],"version-history":[{"count":39,"href":"https:\/\/cms.icacordoba.23sd.es\/index.php\/wp-json\/wp\/v2\/posts\/12957\/revisions"}],"predecessor-version":[{"id":13000,"href":"https:\/\/cms.icacordoba.23sd.es\/index.php\/wp-json\/wp\/v2\/posts\/12957\/revisions\/13000"}],"wp:attachment":[{"href":"https:\/\/cms.icacordoba.23sd.es\/index.php\/wp-json\/wp\/v2\/media?parent=12957"}],"wp:term":[{"taxonomy":"category","embeddable":true,"href":"https:\/\/cms.icacordoba.23sd.es\/index.php\/wp-json\/wp\/v2\/categories?post=12957"},{"taxonomy":"post_tag","embeddable":true,"href":"https:\/\/cms.icacordoba.23sd.es\/index.php\/wp-json\/wp\/v2\/tags?post=12957"}],"curies":[{"name":"wp","href":"https:\/\/api.w.org\/{rel}","templated":true}]}}