{"id":12942,"date":"2024-09-23T12:05:07","date_gmt":"2024-09-23T12:05:07","guid":{"rendered":"https:\/\/cms.icacordoba.23sd.es\/index.php\/12942\/"},"modified":"2024-10-03T07:46:19","modified_gmt":"2024-10-03T07:46:19","slug":"noticia-formacion-cadeca-cuestiones-practicas-de-la-asistencia-al-detenido","status":"publish","type":"post","link":"https:\/\/cms.icacordoba.23sd.es\/index.php\/12942\/","title":{"rendered":"NOTICIA \u00bb Formacion CADECA &#8211; \u00abCuestiones pr\u00e1cticas de la Asistencia al Detenido\u00bb"},"content":{"rendered":"\t\t<div data-elementor-type=\"wp-post\" data-elementor-id=\"12942\" class=\"elementor elementor-12942\" data-elementor-post-type=\"post\">\n\t\t\t\t\t\t<section class=\"elementor-section elementor-top-section elementor-element elementor-element-e950f1c elementor-section-full_width elementor-section-height-default elementor-section-height-default\" data-id=\"e950f1c\" data-element_type=\"section\" data-e-type=\"section\">\n\t\t\t\t\t\t<div class=\"elementor-container elementor-column-gap-extended\">\n\t\t\t\t\t<div class=\"elementor-column elementor-col-50 elementor-top-column elementor-element elementor-element-c735a71\" data-id=\"c735a71\" data-element_type=\"column\" data-e-type=\"column\">\n\t\t\t<div class=\"elementor-widget-wrap elementor-element-populated\">\n\t\t\t\t\t\t<div class=\"elementor-element elementor-element-1e336f1 elementor-widget elementor-widget-text-editor\" data-id=\"1e336f1\" data-element_type=\"widget\" data-e-type=\"widget\" data-widget_type=\"text-editor.default\">\n\t\t\t\t<div class=\"elementor-widget-container\">\n\t\t\t\t\t\t\t\t\t<p><span style=\"color: #000000;\">Conforme a los acuerdos adoptados por la Comisi\u00f3n Permanente, desd eel Consejo Andaluz de Colegios de Abogados se va a continuar con el&nbsp;programa de formaci\u00f3n dirigido a todos los colegiados andaluces en modalidad online.<\/span><\/p>\n<p><span style=\"color: #000000;\">Se trata de una actividad gratuita, que podr\u00e1 seguirse desde vuestros despachos.<\/span><\/p>\n<p><span style=\"color: #000000;\">En esta nueva jornada, que se celebr\u00f3 el&nbsp;<strong>mi\u00e9rcoles&nbsp;2 de octubre&nbsp;a las 18:00 horas,<\/strong>&nbsp;se program\u00f3 la ponencia titulada \u201c<em>Cuestiones pr\u00e1cticas de la Asistencia al Detenido. Especial atenci\u00f3n a la Asistencia a trav\u00e9s del Turno de Oficio\u201d<\/em>, que pronunciar\u00e1 la Diputada de la Junta de Gobierno de nuestro Colegio, responsable de la Comisi\u00f3n de Turno de Oficio y Asistencia Jur\u00eddica Gratuita, <strong>Sof\u00eda Fuentes Rib\u00f3.<\/strong><\/span><\/p>\t\t\t\t\t\t\t\t<\/div>\n\t\t\t\t<\/div>\n\t\t\t\t\t<\/div>\n\t\t<\/div>\n\t\t\t\t<div class=\"elementor-column elementor-col-50 elementor-top-column elementor-element elementor-element-95e4278\" data-id=\"95e4278\" data-element_type=\"column\" data-e-type=\"column\">\n\t\t\t<div class=\"elementor-widget-wrap elementor-element-populated\">\n\t\t\t\t\t\t<div class=\"elementor-element elementor-element-ee84880 elementor-widget elementor-widget-video\" data-id=\"ee84880\" data-element_type=\"widget\" data-e-type=\"widget\" data-settings=\"{&quot;youtube_url&quot;:&quot;https:\\\/\\\/youtu.be\\\/mM_G1mBjnfQ?si=XMWx5iEnrSE8jAZ1&quot;,&quot;video_type&quot;:&quot;youtube&quot;,&quot;controls&quot;:&quot;yes&quot;}\" data-widget_type=\"video.default\">\n\t\t\t\t<div class=\"elementor-widget-container\">\n\t\t\t\t\t\t\t<div class=\"elementor-wrapper elementor-open-inline\">\n\t\t\t<div class=\"elementor-video\"><\/div>\t\t<\/div>\n\t\t\t\t\t\t<\/div>\n\t\t\t\t<\/div>\n\t\t\t\t\t<\/div>\n\t\t<\/div>\n\t\t\t\t\t<\/div>\n\t\t<\/section>\n\t\t\t\t<section class=\"elementor-section elementor-top-section elementor-element elementor-element-48f224d elementor-section-boxed elementor-section-height-default elementor-section-height-default\" data-id=\"48f224d\" data-element_type=\"section\" data-e-type=\"section\">\n\t\t\t\t\t\t<div class=\"elementor-container elementor-column-gap-default\">\n\t\t\t\t\t<div class=\"elementor-column elementor-col-100 elementor-top-column elementor-element elementor-element-a5b8d3e\" data-id=\"a5b8d3e\" data-element_type=\"column\" data-e-type=\"column\">\n\t\t\t<div class=\"elementor-widget-wrap\">\n\t\t\t\t\t\t\t<\/div>\n\t\t<\/div>\n\t\t\t\t\t<\/div>\n\t\t<\/section>\n\t\t\t\t<\/div>\n\t\t","protected":false},"excerpt":{"rendered":"<p>Conforme a los acuerdos adoptados por la Comisi\u00f3n Permanente, desd eel Consejo Andaluz de Colegios de Abogados se va a continuar con el&nbsp;programa de formaci\u00f3n dirigido a todos los colegiados andaluces en modalidad online. Se trata de una actividad gratuita, que podr\u00e1 seguirse desde vuestros despachos. En esta nueva jornada, que se celebr\u00f3 el&nbsp;mi\u00e9rcoles&nbsp;2 de [&hellip;]<\/p>\n","protected":false},"author":1,"featured_media":0,"comment_status":"open","ping_status":"open","sticky":false,"template":"","format":"standard","meta":{"footnotes":""},"categories":[1],"tags":[],"class_list":["post-12942","post","type-post","status-publish","format-standard","hentry","category-uncategorized"],"_links":{"self":[{"href":"https:\/\/cms.icacordoba.23sd.es\/index.php\/wp-json\/wp\/v2\/posts\/12942","targetHints":{"allow":["GET"]}}],"collection":[{"href":"https:\/\/cms.icacordoba.23sd.es\/index.php\/wp-json\/wp\/v2\/posts"}],"about":[{"href":"https:\/\/cms.icacordoba.23sd.es\/index.php\/wp-json\/wp\/v2\/types\/post"}],"author":[{"embeddable":true,"href":"https:\/\/cms.icacordoba.23sd.es\/index.php\/wp-json\/wp\/v2\/users\/1"}],"replies":[{"embeddable":true,"href":"https:\/\/cms.icacordoba.23sd.es\/index.php\/wp-json\/wp\/v2\/comments?post=12942"}],"version-history":[{"count":18,"href":"https:\/\/cms.icacordoba.23sd.es\/index.php\/wp-json\/wp\/v2\/posts\/12942\/revisions"}],"predecessor-version":[{"id":13072,"href":"https:\/\/cms.icacordoba.23sd.es\/index.php\/wp-json\/wp\/v2\/posts\/12942\/revisions\/13072"}],"wp:attachment":[{"href":"https:\/\/cms.icacordoba.23sd.es\/index.php\/wp-json\/wp\/v2\/media?parent=12942"}],"wp:term":[{"taxonomy":"category","embeddable":true,"href":"https:\/\/cms.icacordoba.23sd.es\/index.php\/wp-json\/wp\/v2\/categories?post=12942"},{"taxonomy":"post_tag","embeddable":true,"href":"https:\/\/cms.icacordoba.23sd.es\/index.php\/wp-json\/wp\/v2\/tags?post=12942"}],"curies":[{"name":"wp","href":"https:\/\/api.w.org\/{rel}","templated":true}]}}