{"id":12854,"date":"2024-09-18T15:54:16","date_gmt":"2024-09-18T15:54:16","guid":{"rendered":"https:\/\/cms.icacordoba.23sd.es\/index.php\/12854\/"},"modified":"2024-09-25T17:26:20","modified_gmt":"2024-09-25T17:26:20","slug":"noticia-curso-de-nueva-adscripcion-y-reciclaje-al-soajp","status":"publish","type":"post","link":"https:\/\/cms.icacordoba.23sd.es\/index.php\/12854\/","title":{"rendered":"NOTICIA \u00bb Curso de Nueva Adscripci\u00f3n y Reciclaje al SOAJP"},"content":{"rendered":"\t\t<div data-elementor-type=\"wp-post\" data-elementor-id=\"12854\" class=\"elementor elementor-12854\" data-elementor-post-type=\"post\">\n\t\t\t\t\t\t<section class=\"elementor-section elementor-top-section elementor-element elementor-element-2f3d023 elementor-section-full_width elementor-section-height-default elementor-section-height-default\" data-id=\"2f3d023\" data-element_type=\"section\" data-e-type=\"section\">\n\t\t\t\t\t\t<div class=\"elementor-container elementor-column-gap-default\">\n\t\t\t\t\t<div class=\"elementor-column elementor-col-100 elementor-top-column elementor-element elementor-element-82d2132\" data-id=\"82d2132\" data-element_type=\"column\" data-e-type=\"column\">\n\t\t\t<div class=\"elementor-widget-wrap elementor-element-populated\">\n\t\t\t\t\t\t<div class=\"elementor-element elementor-element-4caf94a elementor-widget elementor-widget-heading\" data-id=\"4caf94a\" data-element_type=\"widget\" data-e-type=\"widget\" data-widget_type=\"heading.default\">\n\t\t\t\t<div class=\"elementor-widget-container\">\n\t\t\t\t\t<h6 class=\"elementor-heading-title elementor-size-default\">Comisi\u00f3n D. Penitenciario<\/h6>\t\t\t\t<\/div>\n\t\t\t\t<\/div>\n\t\t\t\t\t<\/div>\n\t\t<\/div>\n\t\t\t\t\t<\/div>\n\t\t<\/section>\n\t\t\t\t<section class=\"elementor-section elementor-top-section elementor-element elementor-element-710f2eb elementor-section-full_width elementor-section-height-default elementor-section-height-default\" data-id=\"710f2eb\" data-element_type=\"section\" data-e-type=\"section\">\n\t\t\t\t\t\t<div class=\"elementor-container elementor-column-gap-wide\">\n\t\t\t\t\t<div class=\"elementor-column elementor-col-50 elementor-top-column elementor-element elementor-element-77baf2d\" data-id=\"77baf2d\" data-element_type=\"column\" data-e-type=\"column\">\n\t\t\t<div class=\"elementor-widget-wrap elementor-element-populated\">\n\t\t\t\t\t\t<div class=\"elementor-element elementor-element-182f254 elementor-widget elementor-widget-text-editor\" data-id=\"182f254\" data-element_type=\"widget\" data-e-type=\"widget\" data-widget_type=\"text-editor.default\">\n\t\t\t\t<div class=\"elementor-widget-container\">\n\t\t\t\t\t\t\t\t\t<p>El pr\u00f3ximo <strong>3 de octubre<\/strong>\u00a0se celebra en el sal\u00f3n de actos de la sede colegial el <strong>CURSO DE NUEVA ADSRIPCI\u00d3N Y RECICLAJE AL Servicio de Orientaci\u00f3n y Asistencia Jur\u00eddica Penitenciaria (S.O.A.J.P.)<\/strong> para el pr\u00f3ximo a\u00f1o 2025.<\/p><ul><li><strong><u>NUEVA ADSCRIPCI\u00d3N:<\/u><\/strong> Los compa\u00f1eros de NUEVA ADSCRIPCI\u00d3N al SOAJP habr\u00e1n de realizar tanto la sesi\u00f3n de ma\u00f1ana como la sesi\u00f3n de tarde. A la sesi\u00f3n de ma\u00f1ana, es obligatorio que asistan de forma presencial, si bien, a la sesi\u00f3n de tarde, podr\u00e1n solicitar asistir tanto de forma presencial como online.<\/li><\/ul><div>\u00a0<\/div><p style=\"padding-left: 40px;\">Aquellos colegiados de nueva adscripci\u00f3n que no puedan asistir de forma presencial a la sesi\u00f3n de ma\u00f1ana, podr\u00e1n solicitar, previa justificaci\u00f3n, la realizaci\u00f3n posterior de la sesi\u00f3n de ma\u00f1ana, remitiendo un correo electr\u00f3nico a <a style=\"font-family: var( --e-global-typography-text-font-family ); font-weight: var( --e-global-typography-text-font-weight );\" href=\"mailto:comunicacion@icacordoba.es\">comunicacion@icacordoba.es<\/a><\/p><ul><li><strong><u>RECICLAJE:<\/u><\/strong> Los compa\u00f1eros que ya forman parte del S.O.A.J.P. solo tiene obligaci\u00f3n de asistir a la sesi\u00f3n de tarde y podr\u00e1n hacerlo tanto en modalidad presencial como online.<\/li><\/ul><div>\u00a0<\/div><ul><li>Los colegiados que opten por la modalidad online, y no asistan a la retransmisi\u00f3n en directo, recibir\u00e1n\u00a0las instrucciones para realizar la formaci\u00f3n,\u00a0con posterioridad a la celebraci\u00f3n del curso.<\/li><\/ul>\t\t\t\t\t\t\t\t<\/div>\n\t\t\t\t<\/div>\n\t\t\t\t<div class=\"elementor-element elementor-element-d6c8108 elementor-widget-divider--view-line elementor-widget elementor-widget-divider\" data-id=\"d6c8108\" data-element_type=\"widget\" data-e-type=\"widget\" data-widget_type=\"divider.default\">\n\t\t\t\t<div class=\"elementor-widget-container\">\n\t\t\t\t\t\t\t<div class=\"elementor-divider\">\n\t\t\t<span class=\"elementor-divider-separator\">\n\t\t\t\t\t\t<\/span>\n\t\t<\/div>\n\t\t\t\t\t\t<\/div>\n\t\t\t\t<\/div>\n\t\t\t\t<div class=\"elementor-element elementor-element-817fe53 elementor-widget elementor-widget-heading\" data-id=\"817fe53\" data-element_type=\"widget\" data-e-type=\"widget\" data-widget_type=\"heading.default\">\n\t\t\t\t<div class=\"elementor-widget-container\">\n\t\t\t\t\t<h6 class=\"elementor-heading-title elementor-size-default\">PROCEDIMIENTO DE INSCRIPCI\u00d3N<\/h6>\t\t\t\t<\/div>\n\t\t\t\t<\/div>\n\t\t\t\t<div class=\"elementor-element elementor-element-f67ab95 elementor-widget elementor-widget-text-editor\" data-id=\"f67ab95\" data-element_type=\"widget\" data-e-type=\"widget\" data-widget_type=\"text-editor.default\">\n\t\t\t\t<div class=\"elementor-widget-container\">\n\t\t\t\t\t\t\t\t\t<p>El plazo de inscripci\u00f3n est\u00e1 abierto hasta el pr\u00f3ximo 2 de octubre a las 14 h.&nbsp;<\/p>\t\t\t\t\t\t\t\t<\/div>\n\t\t\t\t<\/div>\n\t\t\t\t<div class=\"elementor-element elementor-element-446eab3 elementor-button-info elementor-align-center elementor-widget elementor-widget-button\" data-id=\"446eab3\" data-element_type=\"widget\" data-e-type=\"widget\" data-widget_type=\"button.default\">\n\t\t\t\t<div class=\"elementor-widget-container\">\n\t\t\t\t\t\t\t\t\t<div class=\"elementor-button-wrapper\">\n\t\t\t\t\t<a class=\"elementor-button elementor-button-link elementor-size-md\" href=\"https:\/\/forms.office.com\/e\/ZyXdtAxVG4\" target=\"_blank\">\n\t\t\t\t\t\t<span class=\"elementor-button-content-wrapper\">\n\t\t\t\t\t\t\t\t\t<span class=\"elementor-button-text\">INSCRIPCI\u00d3N AQU\u00cd<\/span>\n\t\t\t\t\t<\/span>\n\t\t\t\t\t<\/a>\n\t\t\t\t<\/div>\n\t\t\t\t\t\t\t\t<\/div>\n\t\t\t\t<\/div>\n\t\t\t\t\t<\/div>\n\t\t<\/div>\n\t\t\t\t<div class=\"elementor-column elementor-col-50 elementor-top-column elementor-element elementor-element-06a3799\" data-id=\"06a3799\" data-element_type=\"column\" data-e-type=\"column\" data-settings=\"{&quot;background_background&quot;:&quot;classic&quot;}\">\n\t\t\t<div class=\"elementor-widget-wrap elementor-element-populated\">\n\t\t\t\t\t\t<div class=\"elementor-element elementor-element-59e6bd9 elementor-widget elementor-widget-heading\" data-id=\"59e6bd9\" data-element_type=\"widget\" data-e-type=\"widget\" data-widget_type=\"heading.default\">\n\t\t\t\t<div class=\"elementor-widget-container\">\n\t\t\t\t\t<h4 class=\"elementor-heading-title elementor-size-default\">PROGRAMA<\/h4>\t\t\t\t<\/div>\n\t\t\t\t<\/div>\n\t\t\t\t<div class=\"elementor-element elementor-element-62528fa elementor-widget elementor-widget-heading\" data-id=\"62528fa\" data-element_type=\"widget\" data-e-type=\"widget\" data-widget_type=\"heading.default\">\n\t\t\t\t<div class=\"elementor-widget-container\">\n\t\t\t\t\t<h6 class=\"elementor-heading-title elementor-size-default\">SESI\u00d3N DE MA\u00d1ANA - NUEVA ADSCRIPCI\u00d3N - 10 h - 13.30 h<\/h6>\t\t\t\t<\/div>\n\t\t\t\t<\/div>\n\t\t\t\t<div class=\"elementor-element elementor-element-b749a31 elementor-widget elementor-widget-text-editor\" data-id=\"b749a31\" data-element_type=\"widget\" data-e-type=\"widget\" data-widget_type=\"text-editor.default\">\n\t\t\t\t<div class=\"elementor-widget-container\">\n\t\t\t\t\t\t\t\t\t<ul><li><strong>10 h &#8211; 11:30 h. Cuestiones pr\u00e1cticas sobre la prestaci\u00f3n del servicio del SOAJP.<\/strong><ul><li><strong>Isabel Medina Fonta<\/strong>, abogada y miembro de la Comisi\u00f3n de D. Penitenciario.<\/li><li><strong>Emilio G\u00e1lvez Tendero,<\/strong> abogado y miembro de la Comisi\u00f3n de D. Penitenciario.<\/li><\/ul><\/li><li><strong>12 h &#8211; 13:30 h: Introducci\u00f3n al Derecho Penitenciario. <\/strong><ul><li><strong>Valent\u00edn Aguilar Villuendas<\/strong>, abogado, compa\u00f1ero de la Comisi\u00f3n de D. Penitenciario, Vocal de la Subcomisi\u00f3n\u00a0de Derecho Penitenciario del Consejo\u00a0general de la Abogac\u00eda Espa\u00f1ola.<\/li><\/ul><\/li><\/ul>\t\t\t\t\t\t\t\t<\/div>\n\t\t\t\t<\/div>\n\t\t\t\t<div class=\"elementor-element elementor-element-2cab836 elementor-widget elementor-widget-heading\" data-id=\"2cab836\" data-element_type=\"widget\" data-e-type=\"widget\" data-widget_type=\"heading.default\">\n\t\t\t\t<div class=\"elementor-widget-container\">\n\t\t\t\t\t<h6 class=\"elementor-heading-title elementor-size-default\">SESI\u00d3N DE TARDE - NUEVA ADSCRIPCI\u00d3N Y RECICLAJE - 17 h - 20.30 h<\/h6>\t\t\t\t<\/div>\n\t\t\t\t<\/div>\n\t\t\t\t<div class=\"elementor-element elementor-element-52fa438 elementor-widget elementor-widget-text-editor\" data-id=\"52fa438\" data-element_type=\"widget\" data-e-type=\"widget\" data-widget_type=\"text-editor.default\">\n\t\t\t\t<div class=\"elementor-widget-container\">\n\t\t\t\t\t\t\t\t\t<ul><li><strong>Protocolo de Ingresos Directos e Indirectos en Tercer Grado. <\/strong><ul><li><strong>Mar\u00eda Pilar Reyes Jurado<\/strong>, Psic\u00f3loga del Centro Penitenciario de C\u00f3rdoba.<\/li><\/ul><\/li><li><strong>Novedades jurisprudenciales en materia de Derecho Penitenciario.<\/strong><ul><li><strong>Carlos Garc\u00eda Casta\u00f1o<\/strong>. Letrado Coordinador del SOAJP Madrid.<\/li><\/ul><\/li><li><strong>Aciertos y errores en la tramitaci\u00f3n del expediente penitenciario y Recursos Judiciales.<\/strong><ul><li><strong>Ascensi\u00f3n Miranda Casta\u00f1\u00f3n<\/strong>, Magistrada del Juzgado de Vigilancia Penitenciaria n\u00ba 8 de C\u00f3rdoba.<\/li><\/ul><\/li><\/ul>\t\t\t\t\t\t\t\t<\/div>\n\t\t\t\t<\/div>\n\t\t\t\t\t<\/div>\n\t\t<\/div>\n\t\t\t\t\t<\/div>\n\t\t<\/section>\n\t\t\t\t<\/div>\n\t\t","protected":false},"excerpt":{"rendered":"<p>Comisi\u00f3n D. Penitenciario El pr\u00f3ximo 3 de octubre\u00a0se celebra en el sal\u00f3n de actos de la sede colegial el CURSO DE NUEVA ADSRIPCI\u00d3N Y RECICLAJE AL Servicio de Orientaci\u00f3n y Asistencia Jur\u00eddica Penitenciaria (S.O.A.J.P.) para el pr\u00f3ximo a\u00f1o 2025. NUEVA ADSCRIPCI\u00d3N: Los compa\u00f1eros de NUEVA ADSCRIPCI\u00d3N al SOAJP habr\u00e1n de realizar tanto la sesi\u00f3n de [&hellip;]<\/p>\n","protected":false},"author":1,"featured_media":0,"comment_status":"open","ping_status":"open","sticky":false,"template":"","format":"standard","meta":{"footnotes":""},"categories":[1],"tags":[],"class_list":["post-12854","post","type-post","status-publish","format-standard","hentry","category-uncategorized"],"_links":{"self":[{"href":"https:\/\/cms.icacordoba.23sd.es\/index.php\/wp-json\/wp\/v2\/posts\/12854","targetHints":{"allow":["GET"]}}],"collection":[{"href":"https:\/\/cms.icacordoba.23sd.es\/index.php\/wp-json\/wp\/v2\/posts"}],"about":[{"href":"https:\/\/cms.icacordoba.23sd.es\/index.php\/wp-json\/wp\/v2\/types\/post"}],"author":[{"embeddable":true,"href":"https:\/\/cms.icacordoba.23sd.es\/index.php\/wp-json\/wp\/v2\/users\/1"}],"replies":[{"embeddable":true,"href":"https:\/\/cms.icacordoba.23sd.es\/index.php\/wp-json\/wp\/v2\/comments?post=12854"}],"version-history":[{"count":87,"href":"https:\/\/cms.icacordoba.23sd.es\/index.php\/wp-json\/wp\/v2\/posts\/12854\/revisions"}],"predecessor-version":[{"id":13060,"href":"https:\/\/cms.icacordoba.23sd.es\/index.php\/wp-json\/wp\/v2\/posts\/12854\/revisions\/13060"}],"wp:attachment":[{"href":"https:\/\/cms.icacordoba.23sd.es\/index.php\/wp-json\/wp\/v2\/media?parent=12854"}],"wp:term":[{"taxonomy":"category","embeddable":true,"href":"https:\/\/cms.icacordoba.23sd.es\/index.php\/wp-json\/wp\/v2\/categories?post=12854"},{"taxonomy":"post_tag","embeddable":true,"href":"https:\/\/cms.icacordoba.23sd.es\/index.php\/wp-json\/wp\/v2\/tags?post=12854"}],"curies":[{"name":"wp","href":"https:\/\/api.w.org\/{rel}","templated":true}]}}