{"id":1250,"date":"2022-10-01T17:47:52","date_gmt":"2022-10-01T17:47:52","guid":{"rendered":"https:\/\/cms.icacordoba.23sd.es\/index.php\/1250\/"},"modified":"2025-07-28T11:32:30","modified_gmt":"2025-07-28T11:32:30","slug":"reincorporacion-al-ica-cordoba","status":"publish","type":"post","link":"https:\/\/cms.icacordoba.23sd.es\/index.php\/1250\/","title":{"rendered":"REINCORPORACI\u00d3N AL ICA-C\u00d3RDOBA"},"content":{"rendered":"\t\t<div data-elementor-type=\"wp-post\" data-elementor-id=\"1250\" class=\"elementor elementor-1250\" data-elementor-post-type=\"post\">\n\t\t\t\t\t\t<section class=\"elementor-section elementor-top-section elementor-element elementor-element-705d30a8 elementor-section-full_width elementor-section-height-default elementor-section-height-default\" data-id=\"705d30a8\" data-element_type=\"section\" data-e-type=\"section\">\n\t\t\t\t\t\t<div class=\"elementor-container elementor-column-gap-default\">\n\t\t\t\t\t<div class=\"elementor-column elementor-col-100 elementor-top-column elementor-element elementor-element-60ac289a\" data-id=\"60ac289a\" data-element_type=\"column\" data-e-type=\"column\">\n\t\t\t<div class=\"elementor-widget-wrap elementor-element-populated\">\n\t\t\t\t\t\t<div class=\"elementor-element elementor-element-1d376d5f elementor-widget elementor-widget-heading\" data-id=\"1d376d5f\" data-element_type=\"widget\" data-e-type=\"widget\" data-widget_type=\"heading.default\">\n\t\t\t\t<div class=\"elementor-widget-container\">\n\t\t\t\t\t<h3 class=\"elementor-heading-title elementor-size-default\">Ejerciente \/ No ejerciente<\/h3>\t\t\t\t<\/div>\n\t\t\t\t<\/div>\n\t\t\t\t\t<\/div>\n\t\t<\/div>\n\t\t\t\t\t<\/div>\n\t\t<\/section>\n\t\t\t\t<section class=\"elementor-section elementor-top-section elementor-element elementor-element-16941b58 elementor-section-full_width elementor-section-height-default elementor-section-height-default\" data-id=\"16941b58\" data-element_type=\"section\" data-e-type=\"section\">\n\t\t\t\t\t\t<div class=\"elementor-container elementor-column-gap-default\">\n\t\t\t\t\t<div class=\"elementor-column elementor-col-66 elementor-top-column elementor-element elementor-element-7e2e5e5\" data-id=\"7e2e5e5\" data-element_type=\"column\" data-e-type=\"column\">\n\t\t\t<div class=\"elementor-widget-wrap elementor-element-populated\">\n\t\t\t\t\t\t<div class=\"elementor-element elementor-element-e17b9a1 elementor-widget elementor-widget-text-editor\" data-id=\"e17b9a1\" data-element_type=\"widget\" data-e-type=\"widget\" data-widget_type=\"text-editor.default\">\n\t\t\t\t<div class=\"elementor-widget-container\">\n\t\t\t\t\t\t\t\t\t<p>Si previamente has estado incorporado en el Colegio de la Abogac\u00eda de C\u00f3rdoba y deseas volver a colegiarte, como ejerciente o no ejerciente, estos son los tr\u00e1mites que has de realizar.&nbsp;<\/p>\t\t\t\t\t\t\t\t<\/div>\n\t\t\t\t<\/div>\n\t\t\t\t\t<\/div>\n\t\t<\/div>\n\t\t\t\t<div class=\"elementor-column elementor-col-33 elementor-top-column elementor-element elementor-element-3ad591b6 elementor-hidden-tablet elementor-hidden-mobile\" data-id=\"3ad591b6\" data-element_type=\"column\" data-e-type=\"column\">\n\t\t\t<div class=\"elementor-widget-wrap\">\n\t\t\t\t\t\t\t<\/div>\n\t\t<\/div>\n\t\t\t\t\t<\/div>\n\t\t<\/section>\n\t\t\t\t<section class=\"elementor-section elementor-top-section elementor-element elementor-element-18e6197f elementor-section-full_width elementor-section-height-default elementor-section-height-default\" data-id=\"18e6197f\" data-element_type=\"section\" data-e-type=\"section\">\n\t\t\t\t\t\t<div class=\"elementor-container elementor-column-gap-wide\">\n\t\t\t\t\t<div class=\"elementor-column elementor-col-100 elementor-top-column elementor-element elementor-element-655bf1f7\" data-id=\"655bf1f7\" data-element_type=\"column\" data-e-type=\"column\">\n\t\t\t<div class=\"elementor-widget-wrap elementor-element-populated\">\n\t\t\t\t\t\t<div class=\"elementor-element elementor-element-3d051523 elementor-widget elementor-widget-heading\" data-id=\"3d051523\" data-element_type=\"widget\" data-e-type=\"widget\" data-widget_type=\"heading.default\">\n\t\t\t\t<div class=\"elementor-widget-container\">\n\t\t\t\t\t<h4 class=\"elementor-heading-title elementor-size-default\">Documentaci\u00f3n y tr\u00e1mites<\/h4>\t\t\t\t<\/div>\n\t\t\t\t<\/div>\n\t\t\t\t<div class=\"elementor-element elementor-element-6739ad44 elementor-widget elementor-widget-toggle\" data-id=\"6739ad44\" data-element_type=\"widget\" data-e-type=\"widget\" data-widget_type=\"toggle.default\">\n\t\t\t\t<div class=\"elementor-widget-container\">\n\t\t\t\t\t\t\t<div class=\"elementor-toggle\">\n\t\t\t\t\t\t\t<div class=\"elementor-toggle-item\">\n\t\t\t\t\t<h4 id=\"elementor-tab-title-1731\" class=\"elementor-tab-title\" data-tab=\"1\" role=\"button\" aria-controls=\"elementor-tab-content-1731\" aria-expanded=\"false\">\n\t\t\t\t\t\t\t\t\t\t\t\t<span class=\"elementor-toggle-icon elementor-toggle-icon-left\" aria-hidden=\"true\">\n\t\t\t\t\t\t\t\t\t\t\t\t\t\t\t<span class=\"elementor-toggle-icon-closed\"><i class=\"fas fa-caret-right\"><\/i><\/span>\n\t\t\t\t\t\t\t\t<span class=\"elementor-toggle-icon-opened\"><i class=\"elementor-toggle-icon-opened fas fa-caret-up\"><\/i><\/span>\n\t\t\t\t\t\t\t\t\t\t\t\t\t<\/span>\n\t\t\t\t\t\t\t\t\t\t\t\t<a class=\"elementor-toggle-title\" tabindex=\"0\">Ejercientes por Cuenta Propia<\/a>\n\t\t\t\t\t<\/h4>\n\n\t\t\t\t\t<div id=\"elementor-tab-content-1731\" class=\"elementor-tab-content elementor-clearfix\" data-tab=\"1\" role=\"region\" aria-labelledby=\"elementor-tab-title-1731\"><ol><li><span style=\"background-color: transparent; color: var( --e-global-color-text ); font-family: var( --e-global-typography-text-font-family ); font-weight: var( --e-global-typography-text-font-weight );\">Identificaci\u00f3n:<\/span><\/li><\/ol><ul><li style=\"list-style-type: none;\"><ul><li>Dos fotocopias de DNI<\/li><\/ul><\/li><\/ul><ol><li style=\"list-style-type: none;\"><ul><li>Dos fotograf\u00edas tama\u00f1o carnet.<\/li><li>Domicilio Profesional &#8211;\u00a0<a href=\"https:\/\/cms.icacordoba.23sd.es\/wp-content\/uploads\/2024\/05\/tmw-DIRECCION-3.pdf\" target=\"_blank\" rel=\"noopener\">Descarga<\/a><\/li><\/ul><\/li><li>Escrito dirigido a la Junta de Gobierno solicitando su Reincorporaci\u00f3n.<\/li><li>Certificado del Colegio de la Abogac\u00eda de procedencia donde conste su historial corporativo y que est\u00e1 al d\u00eda en el pago de cuotas colegiales.<\/li><li>Certificado del Consejo General de la Abogac\u00eda Espa\u00f1ola. Segundas y siguientes colegiaciones<ul><li><a href=\"https:\/\/cms.icacordoba.23sd.es\/wp-content\/uploads\/2025\/07\/2025.01_C1-Solicitud_Certificado_ORDINARIO-Segundas-y-siguientes-Colegiaciones.pdf\" target=\"_blank\" rel=\"noopener\">2025.01_C1 &#8211; Solicitud_Certificado_ORDINARIO (Segundas y siguientes Colegiaciones)<\/a><\/li><li>Una vez cumplimentado y firmado, ap\u00f3rtelo junto al resto de documentaci\u00f3n<\/li><\/ul><\/li><li>Certificado de Antecedentes Penales<ul><li>Puede solicitarlo v\u00eda web <a href=\"https:\/\/sede.mjusticia.gob.es\/es\/tramites\/certificado-antecedentes\">aqu\u00ed<\/a><\/li><\/ul><\/li><li style=\"font-size: 16px;\">Domiciliaci\u00f3n bancaria<br \/><ul style=\"font-size: 16px;\"><li style=\"font-size: 16px;\">Adjuntar documento acreditativo de la titularidad de la cuenta bancaria<\/li><li style=\"font-size: 16px;\">Adjuntar Domiciliaci\u00f3n Bancaria. <a href=\"https:\/\/cms.icacordoba.23sd.es\/wp-content\/uploads\/2023\/10\/formulario-ORDEN-SEPA-modificacion-datos-colegiados-2.pdf\" target=\"_blank\" rel=\"noopener\">Descargar aqu\u00ed ORDEN SEPA<\/a><\/li><\/ul><\/li><li><span style=\"background-color: transparent; color: var( --e-global-color-text ); font-family: var( --e-global-typography-text-font-family ); font-weight: var( --e-global-typography-text-font-weight );\">Cuota de Incorporaci\u00f3n.<\/span><ul><li>Adjuntar Justificante de ingreso de la Cuota de Incorporaci\u00f3n &#8211; 375,00 \u20ac<\/li><li>Puede realizarse de dos maneras:<ul><li>Formalizar\u00a0el pago a trav\u00e9s de la pasarela de pago del Colegio de manera inmediata:<\/li><li>Realizar ingreso en la cuenta ES06- 0030-4001-99-0003627271\u00a0<\/li><\/ul><\/li><\/ul><\/li><li><span style=\"background-color: transparent; color: var( --e-global-color-text ); font-family: var( --e-global-typography-text-font-family ); font-weight: var( --e-global-typography-text-font-weight );\">Alta en una mutualidad o en RETA<\/span><ul><li>Aportar recibo acreditativo de haber sido dado de alta en el R\u00e9gimen de la Seguridad Social que corresponda o, en su caso, el ingreso en una mutualidad de previsi\u00f3n social alternativa al R\u00e9gimen Especial de la Seguridad Social de los Trabajadores por Cuenta Propia o Aut\u00f3nomos (R.E.T.A)<\/li><\/ul><\/li><li>Darse de Alta en el Impuesto de Actividades Econ\u00f3micas I.A.E.<ul><li>(Modelo 036\/037)<a href=\"https:\/\/sede.agenciatributaria.gob.es\/Sede\/procedimientoini\/G322.shtml\" target=\"_blank\" rel=\"noopener\"> Accede<\/a><\/li><\/ul><\/li><\/ol><\/div>\n\t\t\t\t<\/div>\n\t\t\t\t\t\t\t<div class=\"elementor-toggle-item\">\n\t\t\t\t\t<h4 id=\"elementor-tab-title-1732\" class=\"elementor-tab-title\" data-tab=\"2\" role=\"button\" aria-controls=\"elementor-tab-content-1732\" aria-expanded=\"false\">\n\t\t\t\t\t\t\t\t\t\t\t\t<span class=\"elementor-toggle-icon elementor-toggle-icon-left\" aria-hidden=\"true\">\n\t\t\t\t\t\t\t\t\t\t\t\t\t\t\t<span class=\"elementor-toggle-icon-closed\"><i class=\"fas fa-caret-right\"><\/i><\/span>\n\t\t\t\t\t\t\t\t<span class=\"elementor-toggle-icon-opened\"><i class=\"elementor-toggle-icon-opened fas fa-caret-up\"><\/i><\/span>\n\t\t\t\t\t\t\t\t\t\t\t\t\t<\/span>\n\t\t\t\t\t\t\t\t\t\t\t\t<a class=\"elementor-toggle-title\" tabindex=\"0\">Ejercientes por Cuenta Ajena - con exclusividad en empresas<\/a>\n\t\t\t\t\t<\/h4>\n\n\t\t\t\t\t<div id=\"elementor-tab-content-1732\" class=\"elementor-tab-content elementor-clearfix\" data-tab=\"2\" role=\"region\" aria-labelledby=\"elementor-tab-title-1732\"><ol><li>Identificaci\u00f3n:<ul><li>Dos fotocopias de DNI<\/li><li>Dos fotograf\u00edas tama\u00f1o carnet.<\/li><li>Designe Domicilio Profesional. &#8211; <a href=\"https:\/\/cms.icacordoba.23sd.es\/wp-content\/uploads\/2024\/05\/tmw-DIRECCION-3.pdf\" target=\"_blank\" rel=\"noopener\">Descarga<\/a><\/li><\/ul><\/li><li>Escrito dirigido a la Junta de Gobierno solicitando su Reincorporaci\u00f3n.<\/li><li>Certificado del Colegio de la Abogac\u00eda de procedencia donde conste su historial corporativo y que est\u00e1 al d\u00eda en el pago de cuotas colegiales.<\/li><li>Certificado del Consejo General de la Abogac\u00eda Espa\u00f1ola. Segundas y siguientes colegiaciones<ol><li><a href=\"https:\/\/cms.icacordoba.23sd.es\/wp-content\/uploads\/2025\/07\/2025.01_C1-Solicitud_Certificado_ORDINARIO-Segundas-y-siguientes-Colegiaciones.pdf\">2025.01_C1 &#8211; Solicitud_Certificado_ORDINARIO (Segundas y siguientes Colegiaciones)<\/a><\/li><li>Una vez cumplimentado y firmado, ap\u00f3rtelo junto al resto de documentaci\u00f3n<\/li><\/ol><\/li><li>Certificado de Antecedentes Penales<ul><li>Puede solicitarlo v\u00eda web\u00a0<a href=\"https:\/\/sede.mjusticia.gob.es\/es\/tramites\/certificado-antecedentes\">aqu\u00ed<\/a><\/li><\/ul><\/li><li>Domicializaci\u00f3n bancaria<ul><li>Adjuntar documento acreditativo de la titularidad de la cuenta bancaria<\/li><li>Adjuntar Domicializaci\u00f3n Bancaria. <a href=\"https:\/\/cms.icacordoba.23sd.es\/wp-content\/uploads\/2023\/10\/formulario-ORDEN-SEPA-modificacion-datos-colegiados-2.pdf\" target=\"_blank\" rel=\"noopener\">Descargar aqu\u00ed ORDEN SEPA<\/a><\/li><\/ul><\/li><li>Cuota de Incorporaci\u00f3n.<ul><li>Adjuntar Justificante de ingreso de la Cuota de Incorporaci\u00f3n &#8211; 375,00 \u20ac<\/li><li>Puede realizarse de dos maneras:<ul><li>Formalizar\u00a0el pago a trav\u00e9s de la pasarela de pago del Colegio de manera inmediata:<\/li><li>Realizar ingreso en la cuenta ES06- 0030-4001-99-0003627271\u00a0<\/li><\/ul><\/li><\/ul><\/li><li>Datos de la empresa.<ul><li>Aportar <b>declaraci\u00f3n jurada<\/b> haciendo constar la empresa u organismo\u00a0para el que ejercer\u00e1s exclusivamente por cuenta ajena, mediante relaci\u00f3n laboral, comprometi\u00e9ndote a no realizar actuaci\u00f3n profesional alguna por cuenta propia.<\/li><li>Aportar <b>contrato como profesional de la Abogac\u00eda con dedicaci\u00f3n exclusiva<\/b>. En dicha certificaci\u00f3n se debe hacer constar el n\u00famero de afiliaci\u00f3n al r\u00e9gimen General de la Seguridad Social.<\/li><\/ul><\/li><li>Informaci\u00f3n de inter\u00e9s.<ul><li>Si vas a trabajar por cuenta ajena en otro despacho o en una empresa, mediante una relaci\u00f3n laboral, no tienes obligaci\u00f3n de afiliaci\u00f3n\/alta en el RETA, ni inscripci\u00f3n en una mutualidad de previsi\u00f3n social alternativa. No obstante, con car\u00e1cter voluntario podr\u00e1s inscribirte en una mutualidad de previsi\u00f3n social alternativa, dado que suspensiones son compatibles y no concurrentes con las del sector p\u00fablico. En el caso de que posteriormente pasen a ejercer por cuenta propia, en ese momento necesariamente, tendr\u00e1n que optar entre el RETA o una mutualidad de previsi\u00f3n social alternativa al R\u00e9gimen Especial de la Seguridad Social de los Trabajadores por Cuenta Propia o Aut\u00f3nomos, sin que les baste permanecer en el referido R\u00e9gimen General.<\/li><\/ul><\/li><\/ol><\/div>\n\t\t\t\t<\/div>\n\t\t\t\t\t\t\t<div class=\"elementor-toggle-item\">\n\t\t\t\t\t<h4 id=\"elementor-tab-title-1733\" class=\"elementor-tab-title\" data-tab=\"3\" role=\"button\" aria-controls=\"elementor-tab-content-1733\" aria-expanded=\"false\">\n\t\t\t\t\t\t\t\t\t\t\t\t<span class=\"elementor-toggle-icon elementor-toggle-icon-left\" aria-hidden=\"true\">\n\t\t\t\t\t\t\t\t\t\t\t\t\t\t\t<span class=\"elementor-toggle-icon-closed\"><i class=\"fas fa-caret-right\"><\/i><\/span>\n\t\t\t\t\t\t\t\t<span class=\"elementor-toggle-icon-opened\"><i class=\"elementor-toggle-icon-opened fas fa-caret-up\"><\/i><\/span>\n\t\t\t\t\t\t\t\t\t\t\t\t\t<\/span>\n\t\t\t\t\t\t\t\t\t\t\t\t<a class=\"elementor-toggle-title\" tabindex=\"0\">No Ejercientes<\/a>\n\t\t\t\t\t<\/h4>\n\n\t\t\t\t\t<div id=\"elementor-tab-content-1733\" class=\"elementor-tab-content elementor-clearfix\" data-tab=\"3\" role=\"region\" aria-labelledby=\"elementor-tab-title-1733\"><ol><li><p>Identificaci\u00f3n:<\/p><ul><li><p>Dos fotocopias de DNI<\/p><\/li><li><p>Dos fotograf\u00edas tama\u00f1o carnet.<\/p><\/li><li><p>Designe Domicilio Profesional. &#8211; <a href=\"https:\/\/cms.icacordoba.23sd.es\/wp-content\/uploads\/2024\/05\/tmw-DIRECCION-3.pdf\" target=\"_blank\" rel=\"noopener\">Descargue<\/a><\/p><\/li><\/ul><\/li><li><p>Escrito dirigido a la Junta de Gobierno solicitando su Reincorporaci\u00f3n.<\/p><\/li><li><p>Certificado del Colegio de la Abogac\u00eda de procedencia donde conste su historial corporativo y que est\u00e1 al d\u00eda en el pago de cuotas colegiales.<\/p><\/li><li><p>Certificado del Consejo General de la Abogac\u00eda Espa\u00f1ola.\u00a0<\/p><ul><li><p><a href=\"https:\/\/cms.icacordoba.23sd.es\/wp-content\/uploads\/2025\/07\/2025.01_C1-Solicitud_Certificado_ORDINARIO-Segundas-y-siguientes-Colegiaciones.pdf\" target=\"_blank\" rel=\"noopener\">2025.01_C1 &#8211; Solicitud_Certificado_ORDINARIO (Segundas y siguientes Colegiaciones)<\/a><\/p><\/li><li><p>En caso de que nunca haya estado como ejerciente<\/p><ul><li><p>Precio: 71,03 \u20ac (IVA incluido) que se ingresar\u00e1 en la cuenta ES06- 0030-4001-99-0003627271<\/p><\/li><li><p>Tambi\u00e9n puedes formalizar el pago a trav\u00e9s de la pasarela de pago del Colegio de manera inmediata:\u00a0<\/p><\/li><\/ul><\/li><li><p>Una vez cumplimentado y firmado, ap\u00f3rtelo junto al resto de documentaci\u00f3n<\/p><\/li><\/ul><\/li><li><p>Certificado de Antecedentes Penales<\/p><ul><li><p>Puede solicitarlo v\u00eda web\u00a0<a href=\"https:\/\/sede.mjusticia.gob.es\/es\/tramites\/certificado-antecedentes\">aqu\u00ed<\/a><\/p><\/li><\/ul><\/li><li><p>Domicializaci\u00f3n bancaria<\/p><ul><li><p>Adjuntar documento acreditativo de la titularidad de la cuenta bancaria<\/p><\/li><li><p>Adjuntar Domicializaci\u00f3n Bancaria. <a href=\"https:\/\/cms.icacordoba.23sd.es\/wp-content\/uploads\/2023\/10\/formulario-ORDEN-SEPA-modificacion-datos-colegiados-2.pdf\" target=\"_blank\" rel=\"noopener\">Descargar aqu\u00ed ORDEN SEPA<\/a><\/p><\/li><\/ul><\/li><li><p>Cuota de Incorporaci\u00f3n.<\/p><ul><li><p>Adjuntar Justificante de ingreso de la Cuota de Incorporaci\u00f3n &#8211; 375,00 \u20ac<\/p><\/li><li><p>Puede realizarse de dos maneras:<\/p><ul><li><p>Formalizar\u00a0el pago a trav\u00e9s de la pasarela de pago del Colegio de manera inmediata:<\/p><\/li><li><p>Realizar ingreso en la cuenta ES06- 0030-4001-99-0003627271\u00a0<\/p><\/li><\/ul><\/li><\/ul><\/li><li><p>Informaci\u00f3n de Inter\u00e9s.<\/p><ul><li><p>Los colegiados no ejercientes no tendr\u00e1n obligaci\u00f3n de figurar en el RETA ni de inscribirse en una mutualidad de previsi\u00f3n social alternativa,\u00a0 pudiendo pertenecer a cualquiera con car\u00e1cter voluntario, dado que sus pensiones son compatibles y no concurrentes con cualesquiera otras.\u00a0<\/p><\/li><\/ul><\/li><\/ol><ul><li style=\"list-style-type: none;\"><ul><li style=\"list-style-type: none;\"><ul><li style=\"list-style-type: none;\"><ul><li><p>En el caso de que posteriormente pasen a ejercer la profesi\u00f3n por cuenta propia, en ese momento necesariamente tendr\u00e1n que optar entre el RETA o una mutualidad de previsi\u00f3n social alternativa.<\/p><\/li><\/ul><\/li><\/ul><\/li><\/ul><\/li><\/ul><\/div>\n\t\t\t\t<\/div>\n\t\t\t\t\t\t\t\t<\/div>\n\t\t\t\t\t\t<\/div>\n\t\t\t\t<\/div>\n\t\t\t\t\t<\/div>\n\t\t<\/div>\n\t\t\t\t\t<\/div>\n\t\t<\/section>\n\t\t\t\t<section class=\"elementor-section elementor-top-section elementor-element elementor-element-6673ed5d elementor-section-full_width elementor-section-height-default elementor-section-height-default\" data-id=\"6673ed5d\" data-element_type=\"section\" data-e-type=\"section\">\n\t\t\t\t\t\t<div class=\"elementor-container elementor-column-gap-wide\">\n\t\t\t\t\t<div class=\"elementor-column elementor-col-100 elementor-top-column elementor-element elementor-element-4b1ac242\" data-id=\"4b1ac242\" data-element_type=\"column\" data-e-type=\"column\">\n\t\t\t<div class=\"elementor-widget-wrap elementor-element-populated\">\n\t\t\t\t\t\t<div class=\"elementor-element elementor-element-2de673c0 elementor-widget elementor-widget-heading\" data-id=\"2de673c0\" data-element_type=\"widget\" data-e-type=\"widget\" data-widget_type=\"heading.default\">\n\t\t\t\t<div class=\"elementor-widget-container\">\n\t\t\t\t\t<h4 class=\"elementor-heading-title elementor-size-default\">Cuotas<\/h4>\t\t\t\t<\/div>\n\t\t\t\t<\/div>\n\t\t\t\t\t<\/div>\n\t\t<\/div>\n\t\t\t\t\t<\/div>\n\t\t<\/section>\n\t\t\t\t<section class=\"elementor-section elementor-top-section elementor-element elementor-element-9d29a2c elementor-section-full_width elementor-section-height-default elementor-section-height-default\" data-id=\"9d29a2c\" data-element_type=\"section\" data-e-type=\"section\">\n\t\t\t\t\t\t<div class=\"elementor-container elementor-column-gap-wider\">\n\t\t\t\t\t<div class=\"elementor-column elementor-col-50 elementor-top-column elementor-element elementor-element-2aae778\" data-id=\"2aae778\" data-element_type=\"column\" data-e-type=\"column\">\n\t\t\t<div class=\"elementor-widget-wrap elementor-element-populated\">\n\t\t\t\t\t\t<div class=\"elementor-element elementor-element-14240339 elementor-widget elementor-widget-heading\" data-id=\"14240339\" data-element_type=\"widget\" data-e-type=\"widget\" data-widget_type=\"heading.default\">\n\t\t\t\t<div class=\"elementor-widget-container\">\n\t\t\t\t\t<h5 class=\"elementor-heading-title elementor-size-default\"><font style=\"vertical-align: inherit\"><font style=\"vertical-align: inherit\"><font style=\"vertical-align: inherit\"><font style=\"vertical-align: inherit\"><font style=\"vertical-align: inherit\"><font style=\"vertical-align: inherit\">Incorporaci\u00f3n como EJERCIENTE<\/font><\/font><\/font><\/font><\/font><\/font><font style=\"vertical-align: inherit\"><font style=\"vertical-align: inherit\"><\/font><\/font><font style=\"vertical-align: inherit\"><font style=\"vertical-align: inherit\"><\/font><\/font><\/h5>\t\t\t\t<\/div>\n\t\t\t\t<\/div>\n\t\t\t\t<div class=\"elementor-element elementor-element-1a6052b0 elementor-widget elementor-widget-text-editor\" data-id=\"1a6052b0\" data-element_type=\"widget\" data-e-type=\"widget\" data-widget_type=\"text-editor.default\">\n\t\t\t\t<div class=\"elementor-widget-container\">\n\t\t\t\t\t\t\t\t\t<p><span style=\"vertical-align: inherit;\"><span style=\"vertical-align: inherit;\"><span style=\"vertical-align: inherit;\"><span style=\"vertical-align: inherit;\"><span style=\"vertical-align: inherit;\"><span style=\"vertical-align: inherit;\"><span style=\"vertical-align: inherit;\"><span style=\"vertical-align: inherit;\"><span style=\"vertical-align: inherit;\"><span style=\"vertical-align: inherit;\"><span style=\"vertical-align: inherit;\"><span style=\"vertical-align: inherit;\"><span style=\"vertical-align: inherit;\"><span style=\"vertical-align: inherit;\"><span style=\"vertical-align: inherit;\"><span style=\"vertical-align: inherit;\"><span style=\"vertical-align: inherit;\"><span style=\"vertical-align: inherit;\"><span style=\"vertical-align: inherit;\"><span style=\"vertical-align: inherit;\"><span style=\"vertical-align: inherit;\"><span style=\"vertical-align: inherit;\">La Cuota Colegial correspondiente se girar\u00e1 en la cuenta corriente facilitada, a primeros del mes siguiente, junto con las cuotas del resto de colegiados.<\/span><\/span><\/span><\/span><\/span><\/span><\/span><\/span><\/span><\/span><\/span><\/span><\/span><\/span><\/span><\/span><\/span><\/span><\/span><\/span><\/span><\/span><\/p>\t\t\t\t\t\t\t\t<\/div>\n\t\t\t\t<\/div>\n\t\t\t\t<div class=\"elementor-element elementor-element-1c6e0652 elementor-widget elementor-widget-price-list\" data-id=\"1c6e0652\" data-element_type=\"widget\" data-e-type=\"widget\" data-widget_type=\"price-list.default\">\n\t\t\t\t<div class=\"elementor-widget-container\">\n\t\t\t\t\t\n\t\t<ul class=\"elementor-price-list\">\n\n\t\t\t\t\t\t\t\t\t<li><a class=\"elementor-price-list-item\" href=\"#\">\t\t\t\t\n\t\t\t\t<div class=\"elementor-price-list-text\">\n\t\t\t\t\t\t\t\t\t<div class=\"elementor-price-list-header\">\n\t\t\t\t\t\t\t\t\t\t\t<span class=\"elementor-price-list-title\">\n\t\t\t\t\t\t\tIncorporaci\u00f3n\t\t\t\t\t\t<\/span>\n\t\t\t\t\t\t\t\t\t\t\t\t\t\t\t\t\t\t\t\t\t\t\t\t<span class=\"elementor-price-list-price\">375,00 \u20ac<\/span>\n\t\t\t\t\t\t\t\t\t\t<\/div>\n\t\t\t\t\t\t\t\t\t\t\t\t<\/div>\n\t\t\t\t<\/a><\/li>\t\t\t\t\t\t\t\t\t\t\t\t<li><a class=\"elementor-price-list-item\" href=\"#\">\t\t\t\t\n\t\t\t\t<div class=\"elementor-price-list-text\">\n\t\t\t\t\t\t\t\t\t<div class=\"elementor-price-list-header\">\n\t\t\t\t\t\t\t\t\t\t\t<span class=\"elementor-price-list-title\">\n\t\t\t\t\t\t\tCuota - Ejerciente Residente\t\t\t\t\t\t<\/span>\n\t\t\t\t\t\t\t\t\t\t\t\t\t\t\t\t\t\t\t\t\t\t\t\t<span class=\"elementor-price-list-price\">41,10 \u20ac<\/span>\n\t\t\t\t\t\t\t\t\t\t<\/div>\n\t\t\t\t\t\t\t\t\t\t\t\t\t\t\t<p class=\"elementor-price-list-description\">\n\t\t\t\t\t\t\tMensual. Se gira a 1\u00ba del mes siguiente a la colegiaci\u00f3n\t\t\t\t\t\t<\/p>\n\t\t\t\t\t\t\t\t<\/div>\n\t\t\t\t<\/a><\/li>\t\t\t\t\t\t\t\t\t\t\t\t<li><a class=\"elementor-price-list-item\" href=\"#\">\t\t\t\t\n\t\t\t\t<div class=\"elementor-price-list-text\">\n\t\t\t\t\t\t\t\t\t<div class=\"elementor-price-list-header\">\n\t\t\t\t\t\t\t\t\t\t\t<span class=\"elementor-price-list-title\">\n\t\t\t\t\t\t\tCuota Ejerciente NO Residente\t\t\t\t\t\t<\/span>\n\t\t\t\t\t\t\t\t\t\t\t\t\t\t\t\t\t\t\t\t\t\t\t\t<span class=\"elementor-price-list-price\">30,83 \u20ac<\/span>\n\t\t\t\t\t\t\t\t\t\t<\/div>\n\t\t\t\t\t\t\t\t\t\t\t\t\t\t\t<p class=\"elementor-price-list-description\">\n\t\t\t\t\t\t\tMensual. Se gira a 1\u00ba del mes siguiente a la colegiaci\u00f3n\t\t\t\t\t\t<\/p>\n\t\t\t\t\t\t\t\t<\/div>\n\t\t\t\t<\/a><\/li>\t\t\t\t\t\n\t\t<\/ul>\n\n\t\t\t\t\t\t<\/div>\n\t\t\t\t<\/div>\n\t\t\t\t\t<\/div>\n\t\t<\/div>\n\t\t\t\t<div class=\"elementor-column elementor-col-50 elementor-top-column elementor-element elementor-element-4147154d\" data-id=\"4147154d\" data-element_type=\"column\" data-e-type=\"column\">\n\t\t\t<div class=\"elementor-widget-wrap elementor-element-populated\">\n\t\t\t\t\t\t<div class=\"elementor-element elementor-element-3c758d0 elementor-widget elementor-widget-heading\" data-id=\"3c758d0\" data-element_type=\"widget\" data-e-type=\"widget\" data-widget_type=\"heading.default\">\n\t\t\t\t<div class=\"elementor-widget-container\">\n\t\t\t\t\t<h5 class=\"elementor-heading-title elementor-size-default\"><font style=\"vertical-align: inherit\"><font style=\"vertical-align: inherit\"><font style=\"vertical-align: inherit\"><font style=\"vertical-align: inherit\"><font style=\"vertical-align: inherit\"><font style=\"vertical-align: inherit\">Incorporaci\u00f3n como NO EJERCIENTE<\/font><\/font><\/font><\/font><\/font><\/font><\/h5>\t\t\t\t<\/div>\n\t\t\t\t<\/div>\n\t\t\t\t<div class=\"elementor-element elementor-element-258c6678 elementor-widget elementor-widget-text-editor\" data-id=\"258c6678\" data-element_type=\"widget\" data-e-type=\"widget\" data-widget_type=\"text-editor.default\">\n\t\t\t\t<div class=\"elementor-widget-container\">\n\t\t\t\t\t\t\t\t\t<p><span style=\"vertical-align: inherit;\"><span style=\"vertical-align: inherit;\"><span style=\"vertical-align: inherit;\"><span style=\"vertical-align: inherit;\"><span style=\"vertical-align: inherit;\"><span style=\"vertical-align: inherit;\"><span style=\"vertical-align: inherit;\"><span style=\"vertical-align: inherit;\"><span style=\"vertical-align: inherit;\"><span style=\"vertical-align: inherit;\"><span style=\"vertical-align: inherit;\"><span style=\"vertical-align: inherit;\"><span style=\"vertical-align: inherit;\"><span style=\"vertical-align: inherit;\"><span style=\"vertical-align: inherit;\"><span style=\"vertical-align: inherit;\"><span style=\"vertical-align: inherit;\"><span style=\"vertical-align: inherit;\"><span style=\"vertical-align: inherit;\"><span style=\"vertical-align: inherit;\"><span style=\"vertical-align: inherit;\"><span style=\"vertical-align: inherit;\">La Cuota Colegial correspondiente se girar\u00e1 en la cuenta corriente facilitada, a primeros del mes siguiente, junto con las cuotas del resto de colegiados.<\/span><\/span><\/span><\/span><\/span><\/span><\/span><\/span><\/span><\/span><\/span><\/span><\/span><\/span><\/span><\/span><\/span><\/span><\/span><\/span><\/span><\/span><\/p>\t\t\t\t\t\t\t\t<\/div>\n\t\t\t\t<\/div>\n\t\t\t\t<div class=\"elementor-element elementor-element-1eb1cb96 elementor-widget elementor-widget-price-list\" data-id=\"1eb1cb96\" data-element_type=\"widget\" data-e-type=\"widget\" data-widget_type=\"price-list.default\">\n\t\t\t\t<div class=\"elementor-widget-container\">\n\t\t\t\t\t\n\t\t<ul class=\"elementor-price-list\">\n\n\t\t\t\t\t\t\t\t\t<li><a class=\"elementor-price-list-item\" href=\"#\">\t\t\t\t\n\t\t\t\t<div class=\"elementor-price-list-text\">\n\t\t\t\t\t\t\t\t\t<div class=\"elementor-price-list-header\">\n\t\t\t\t\t\t\t\t\t\t\t<span class=\"elementor-price-list-title\">\n\t\t\t\t\t\t\tCuota Incorporaci\u00f3n\t\t\t\t\t\t<\/span>\n\t\t\t\t\t\t\t\t\t\t\t\t\t\t\t\t\t\t\t\t\t\t\t\t<span class=\"elementor-price-list-price\">375,00 \u20ac<\/span>\n\t\t\t\t\t\t\t\t\t\t<\/div>\n\t\t\t\t\t\t\t\t\t\t\t\t<\/div>\n\t\t\t\t<\/a><\/li>\t\t\t\t\t\t\t\t\t\t\t\t<li><a class=\"elementor-price-list-item\" href=\"#\">\t\t\t\t\n\t\t\t\t<div class=\"elementor-price-list-text\">\n\t\t\t\t\t\t\t\t\t<div class=\"elementor-price-list-header\">\n\t\t\t\t\t\t\t\t\t\t\t<span class=\"elementor-price-list-title\">\n\t\t\t\t\t\t\tCuota Mensual - No Ejerciente - No Residente \t\t\t\t\t\t<\/span>\n\t\t\t\t\t\t\t\t\t\t\t\t\t\t\t\t\t\t\t\t\t\t\t\t<span class=\"elementor-price-list-price\">22,60 \u20ac<\/span>\n\t\t\t\t\t\t\t\t\t\t<\/div>\n\t\t\t\t\t\t\t\t\t\t\t\t\t\t\t<p class=\"elementor-price-list-description\">\n\t\t\t\t\t\t\tSe gira a 1\u00ba del mes siguiente a la colegiaci\u00f3n\t\t\t\t\t\t<\/p>\n\t\t\t\t\t\t\t\t<\/div>\n\t\t\t\t<\/a><\/li>\t\t\t\t\t\n\t\t<\/ul>\n\n\t\t\t\t\t\t<\/div>\n\t\t\t\t<\/div>\n\t\t\t\t\t<\/div>\n\t\t<\/div>\n\t\t\t\t\t<\/div>\n\t\t<\/section>\n\t\t\t\t<\/div>\n\t\t","protected":false},"excerpt":{"rendered":"<p>Ejerciente \/ No ejerciente Si previamente has estado incorporado en el Colegio de la Abogac\u00eda de C\u00f3rdoba y deseas volver a colegiarte, como ejerciente o no ejerciente, estos son los tr\u00e1mites que has de realizar.&nbsp; Documentaci\u00f3n y tr\u00e1mites Ejercientes por Cuenta Propia Identificaci\u00f3n: Dos fotocopias de DNI Dos fotograf\u00edas tama\u00f1o carnet. Domicilio Profesional &#8211;\u00a0Descarga Escrito [&hellip;]<\/p>\n","protected":false},"author":1,"featured_media":0,"comment_status":"open","ping_status":"open","sticky":false,"template":"","format":"standard","meta":{"footnotes":""},"categories":[1],"tags":[],"class_list":["post-1250","post","type-post","status-publish","format-standard","hentry","category-uncategorized"],"_links":{"self":[{"href":"https:\/\/cms.icacordoba.23sd.es\/index.php\/wp-json\/wp\/v2\/posts\/1250","targetHints":{"allow":["GET"]}}],"collection":[{"href":"https:\/\/cms.icacordoba.23sd.es\/index.php\/wp-json\/wp\/v2\/posts"}],"about":[{"href":"https:\/\/cms.icacordoba.23sd.es\/index.php\/wp-json\/wp\/v2\/types\/post"}],"author":[{"embeddable":true,"href":"https:\/\/cms.icacordoba.23sd.es\/index.php\/wp-json\/wp\/v2\/users\/1"}],"replies":[{"embeddable":true,"href":"https:\/\/cms.icacordoba.23sd.es\/index.php\/wp-json\/wp\/v2\/comments?post=1250"}],"version-history":[{"count":36,"href":"https:\/\/cms.icacordoba.23sd.es\/index.php\/wp-json\/wp\/v2\/posts\/1250\/revisions"}],"predecessor-version":[{"id":16627,"href":"https:\/\/cms.icacordoba.23sd.es\/index.php\/wp-json\/wp\/v2\/posts\/1250\/revisions\/16627"}],"wp:attachment":[{"href":"https:\/\/cms.icacordoba.23sd.es\/index.php\/wp-json\/wp\/v2\/media?parent=1250"}],"wp:term":[{"taxonomy":"category","embeddable":true,"href":"https:\/\/cms.icacordoba.23sd.es\/index.php\/wp-json\/wp\/v2\/categories?post=1250"},{"taxonomy":"post_tag","embeddable":true,"href":"https:\/\/cms.icacordoba.23sd.es\/index.php\/wp-json\/wp\/v2\/tags?post=1250"}],"curies":[{"name":"wp","href":"https:\/\/api.w.org\/{rel}","templated":true}]}}