{"id":1247,"date":"2022-10-01T17:44:08","date_gmt":"2022-10-01T17:44:08","guid":{"rendered":"https:\/\/cms.icacordoba.23sd.es\/index.php\/1247\/"},"modified":"2025-07-28T11:09:02","modified_gmt":"2025-07-28T11:09:02","slug":"nuevas-incorporaciones","status":"publish","type":"post","link":"https:\/\/cms.icacordoba.23sd.es\/index.php\/1247\/","title":{"rendered":"NUEVAS INCORPORACIONES"},"content":{"rendered":"\t\t<div data-elementor-type=\"wp-post\" data-elementor-id=\"1247\" class=\"elementor elementor-1247\" data-elementor-post-type=\"post\">\n\t\t\t\t\t\t<section class=\"elementor-section elementor-top-section elementor-element elementor-element-eb0f537 elementor-section-full_width elementor-section-height-default elementor-section-height-default\" data-id=\"eb0f537\" data-element_type=\"section\" data-e-type=\"section\">\n\t\t\t\t\t\t<div class=\"elementor-container elementor-column-gap-default\">\n\t\t\t\t\t<div class=\"elementor-column elementor-col-100 elementor-top-column elementor-element elementor-element-f7ac64c\" data-id=\"f7ac64c\" data-element_type=\"column\" data-e-type=\"column\">\n\t\t\t<div class=\"elementor-widget-wrap elementor-element-populated\">\n\t\t\t\t\t\t<div class=\"elementor-element elementor-element-791371b elementor-widget elementor-widget-heading\" data-id=\"791371b\" data-element_type=\"widget\" data-e-type=\"widget\" data-widget_type=\"heading.default\">\n\t\t\t\t<div class=\"elementor-widget-container\">\n\t\t\t\t\t<h3 class=\"elementor-heading-title elementor-size-default\">Ejerciente \/ No ejerciente<\/h3>\t\t\t\t<\/div>\n\t\t\t\t<\/div>\n\t\t\t\t\t<\/div>\n\t\t<\/div>\n\t\t\t\t\t<\/div>\n\t\t<\/section>\n\t\t\t\t<section class=\"elementor-section elementor-top-section elementor-element elementor-element-3da566b elementor-section-full_width elementor-section-height-default elementor-section-height-default\" data-id=\"3da566b\" data-element_type=\"section\" data-e-type=\"section\">\n\t\t\t\t\t\t<div class=\"elementor-container elementor-column-gap-default\">\n\t\t\t\t\t<div class=\"elementor-column elementor-col-66 elementor-top-column elementor-element elementor-element-117bb9d\" data-id=\"117bb9d\" data-element_type=\"column\" data-e-type=\"column\">\n\t\t\t<div class=\"elementor-widget-wrap elementor-element-populated\">\n\t\t\t\t\t\t<div class=\"elementor-element elementor-element-1cd8607 elementor-widget elementor-widget-toggle\" data-id=\"1cd8607\" data-element_type=\"widget\" data-e-type=\"widget\" data-widget_type=\"toggle.default\">\n\t\t\t\t<div class=\"elementor-widget-container\">\n\t\t\t\t\t\t\t<div class=\"elementor-toggle\">\n\t\t\t\t\t\t\t<div class=\"elementor-toggle-item\">\n\t\t\t\t\t<h5 id=\"elementor-tab-title-3021\" class=\"elementor-tab-title\" data-tab=\"1\" role=\"button\" aria-controls=\"elementor-tab-content-3021\" aria-expanded=\"false\">\n\t\t\t\t\t\t\t\t\t\t\t\t<span class=\"elementor-toggle-icon elementor-toggle-icon-left\" aria-hidden=\"true\">\n\t\t\t\t\t\t\t\t\t\t\t\t\t\t\t<span class=\"elementor-toggle-icon-closed\"><i class=\"fas fa-caret-right\"><\/i><\/span>\n\t\t\t\t\t\t\t\t<span class=\"elementor-toggle-icon-opened\"><i class=\"elementor-toggle-icon-opened fas fa-caret-up\"><\/i><\/span>\n\t\t\t\t\t\t\t\t\t\t\t\t\t<\/span>\n\t\t\t\t\t\t\t\t\t\t\t\t<a class=\"elementor-toggle-title\" tabindex=\"0\">Requisitos<\/a>\n\t\t\t\t\t<\/h5>\n\n\t\t\t\t\t<div id=\"elementor-tab-content-3021\" class=\"elementor-tab-content elementor-clearfix\" data-tab=\"1\" role=\"region\" aria-labelledby=\"elementor-tab-title-3021\"><p style=\"text-align: left;\"><strong><span style=\"vertical-align: inherit;\">Art\u00edculo 11 &#8211; Estatutos del Colegio de la Abogac\u00eda de C\u00f3rdoba.<\/span><\/strong><\/p><ul><li><span style=\"vertical-align: inherit;\">Poseer el t\u00edtulo oficial que habilite para el ejercicio de la Abogac\u00eda, salvo las excepciones establecidas en normas con rango de ley; y acreditar el conocimiento de la lengua castellana.<\/span><\/li><li><span style=\"vertical-align: inherit;\">Haber satisfecho la cuota de ingreso y los dem\u00e1s que tenga establecido el Colegio.\u00a0<\/span><\/li><li><span style=\"vertical-align: inherit;\">Formalizar el alta en el R\u00e9gimen de Seguridad Social (RETA) que corresponda o, en su caso, el ingreso en una mutualidad de previsi\u00f3n social alternativa al R\u00e9gimen Especial de la SS de los Trabajadores por Cuenta Propia o Aut\u00f3nomos.<\/span><\/li><li style=\"font-size: 16px;\"><span style=\"vertical-align: inherit;\">Carecer de antecedentes penales delitos por que lleven aparejada la imposici\u00f3n de penas graves o la inhabilitaci\u00f3n para el ejercicio de la Abogac\u00eda.<\/span><\/li><li><span style=\"vertical-align: inherit;\"><span style=\"vertical-align: inherit;\"><span style=\"vertical-align: inherit;\"><span style=\"vertical-align: inherit;\">No estar incurso en causa de incompatibilidad o prohibici\u00f3n para el ejercicio de la profesi\u00f3n, lo que se acreditar\u00e1 por medio de certificado expedido por el Consejo General de la Abogac\u00eda Espa\u00f1ola.<\/span><\/span><\/span><\/span><\/li><li><span style=\"vertical-align: inherit;\"><span style=\"vertical-align: inherit;\"><span style=\"vertical-align: inherit;\"><span style=\"vertical-align: inherit;\">Tener concertado seguro de responsabilidad civil profesional. Incluido en la cuota colegial del Colegio de la Abogac\u00eda de C\u00f3rdoba. <a href=\"https:\/\/www.icacordoba.com\/secciones\/seguro-rc-y-polizas-colectivas\" target=\"_blank\" rel=\"noopener\"><u>M\u00e1s info.<\/u><\/a><\/span><\/span><\/span><\/span><\/li><li><span style=\"vertical-align: inherit;\"><span style=\"vertical-align: inherit;\"><span style=\"vertical-align: inherit;\"><span style=\"vertical-align: inherit;\">Designar domicilio, tel\u00e9fono, fax y direcci\u00f3n de correo electr\u00f3nico para notificaciones.<\/span><\/span><\/span><\/span>\u00a0<\/li><\/ul><\/div>\n\t\t\t\t<\/div>\n\t\t\t\t\t\t\t\t<\/div>\n\t\t\t\t\t\t<\/div>\n\t\t\t\t<\/div>\n\t\t\t\t\t<\/div>\n\t\t<\/div>\n\t\t\t\t<div class=\"elementor-column elementor-col-33 elementor-top-column elementor-element elementor-element-5959b0c elementor-hidden-tablet elementor-hidden-mobile\" data-id=\"5959b0c\" data-element_type=\"column\" data-e-type=\"column\">\n\t\t\t<div class=\"elementor-widget-wrap\">\n\t\t\t\t\t\t\t<\/div>\n\t\t<\/div>\n\t\t\t\t\t<\/div>\n\t\t<\/section>\n\t\t\t\t<section class=\"elementor-section elementor-top-section elementor-element elementor-element-ad31f09 elementor-section-full_width elementor-section-height-default elementor-section-height-default\" data-id=\"ad31f09\" data-element_type=\"section\" data-e-type=\"section\">\n\t\t\t\t\t\t<div class=\"elementor-container elementor-column-gap-wide\">\n\t\t\t\t\t<div class=\"elementor-column elementor-col-100 elementor-top-column elementor-element elementor-element-455f743\" data-id=\"455f743\" data-element_type=\"column\" data-e-type=\"column\">\n\t\t\t<div class=\"elementor-widget-wrap elementor-element-populated\">\n\t\t\t\t\t\t<div class=\"elementor-element elementor-element-4c66fb5 elementor-widget elementor-widget-heading\" data-id=\"4c66fb5\" data-element_type=\"widget\" data-e-type=\"widget\" data-widget_type=\"heading.default\">\n\t\t\t\t<div class=\"elementor-widget-container\">\n\t\t\t\t\t<h4 class=\"elementor-heading-title elementor-size-default\">Documentaci\u00f3n y tr\u00e1mites<\/h4>\t\t\t\t<\/div>\n\t\t\t\t<\/div>\n\t\t\t\t<div class=\"elementor-element elementor-element-4095208 elementor-widget elementor-widget-toggle\" data-id=\"4095208\" data-element_type=\"widget\" data-e-type=\"widget\" data-widget_type=\"toggle.default\">\n\t\t\t\t<div class=\"elementor-widget-container\">\n\t\t\t\t\t\t\t<div class=\"elementor-toggle\">\n\t\t\t\t\t\t\t<div class=\"elementor-toggle-item\">\n\t\t\t\t\t<h4 id=\"elementor-tab-title-6771\" class=\"elementor-tab-title\" data-tab=\"1\" role=\"button\" aria-controls=\"elementor-tab-content-6771\" aria-expanded=\"false\">\n\t\t\t\t\t\t\t\t\t\t\t\t<span class=\"elementor-toggle-icon elementor-toggle-icon-left\" aria-hidden=\"true\">\n\t\t\t\t\t\t\t\t\t\t\t\t\t\t\t<span class=\"elementor-toggle-icon-closed\"><i class=\"fas fa-caret-right\"><\/i><\/span>\n\t\t\t\t\t\t\t\t<span class=\"elementor-toggle-icon-opened\"><i class=\"elementor-toggle-icon-opened fas fa-caret-up\"><\/i><\/span>\n\t\t\t\t\t\t\t\t\t\t\t\t\t<\/span>\n\t\t\t\t\t\t\t\t\t\t\t\t<a class=\"elementor-toggle-title\" tabindex=\"0\">Ejercientes por Cuenta Propia<\/a>\n\t\t\t\t\t<\/h4>\n\n\t\t\t\t\t<div id=\"elementor-tab-content-6771\" class=\"elementor-tab-content elementor-clearfix\" data-tab=\"1\" role=\"region\" aria-labelledby=\"elementor-tab-title-6771\"><ol><li><span style=\"background-color: transparent; color: var( --e-global-color-text ); font-family: var( --e-global-typography-text-font-family ); font-weight: var( --e-global-typography-text-font-weight );\">Instancia solicitando la incorporaci\u00f3n, donde deben constar todos los datos personales<\/span><ul><li><a href=\"https:\/\/cms.icacordoba.23sd.es\/wp-content\/uploads\/2024\/07\/1-INSTANCIA_2024.pdf\" target=\"_blank\" rel=\"noopener\">1- INSTANCIA_2024<\/a><\/li><\/ul><\/li><li><span style=\"background-color: transparent; color: var( --e-global-color-text ); font-family: var( --e-global-typography-text-font-family ); font-weight: var( --e-global-typography-text-font-weight );\">ACTA DE JURAMENTO O PROMESA- <a href=\"https:\/\/cms.icacordoba.23sd.es\/wp-content\/uploads\/2024\/07\/JURA-2023.pdf\" target=\"_blank\" rel=\"noopener\">Descargar<\/a><\/span><\/li><li style=\"font-size: 16px;\">Titulaci\u00f3n<br \/><ul style=\"font-size: 16px;\"><li style=\"font-size: 16px;\">T\u00edtulo de Graduado\/a en Derecho<\/li><li style=\"font-size: 16px;\">Certificado de M\u00e1ster Universitario de Acceso a la Abogac\u00eda.<\/li><li style=\"font-size: 16px;\">Resguardo o T\u00edtulo Profesional de Abogado\/a<\/li><\/ul><\/li><li>Identificaci\u00f3n:<ul><li>Certificado de Nacimiento<\/li><li>Dos fotocopias de DNI<\/li><li>Dos fotograf\u00edas tama\u00f1o carnet.<\/li><li>Direcci\u00f3n profesional.\u00a0<a href=\"https:\/\/cms.icacordoba.23sd.es\/wp-content\/uploads\/2024\/05\/tmw-DIRECCION-3.pdf\" target=\"_blank\" rel=\"noopener\">Descarga<\/a><\/li><\/ul><\/li><li>Certificaci\u00f3n de nueva incorporaci\u00f3n.<ul><li><a href=\"https:\/\/cms.icacordoba.23sd.es\/wp-content\/uploads\/2025\/07\/2025.01_NI-Solicitud_Certificado_EJERCIENTE-Primera-Colegiacion.pdf\" target=\"_blank\" rel=\"noopener\">2025.01_NI &#8211; Solicitud_Certificado_EJERCIENTE (Primera Colegiaci\u00f3n)<\/a><\/li><li>Precio: 165,95 \u20ac (IVA incluido) que se ingresar\u00e1 en la cuenta ES06- 0030-4001-99-0003627271<\/li><\/ul><\/li><li>Certificado de Antecedentes Penales<ul><li>Puede solicitarlo v\u00eda web <a href=\"https:\/\/sede.mjusticia.gob.es\/es\/tramites\/certificado-antecedentes\" target=\"_blank\" rel=\"noopener\">aqu\u00ed<\/a><\/li><\/ul><\/li><li>\u00a0Cuota de Incorporaci\u00f3n.<ul><li>Adjuntar Justificante de ingreso de la Cuota de Incorporaci\u00f3n &#8211; 375,00 \u20ac<\/li><li>Puede realizarse de dos maneras:<ul><li>Formalizar\u00a0el pago a trav\u00e9s de la pasarela de pago del Colegio de manera inmediata:<\/li><li>Realizar ingreso en la cuenta ES06- 0030-4001-99-0003627271\u00a0<\/li><\/ul><\/li><\/ul><\/li><li>Domiciliaci\u00f3n bancaria<ul><li>Adjuntar documento acreditativo de la titularidad de la cuenta bancaria<\/li><li>Adjuntar Domiciliaci\u00f3n Bancaria. <a href=\"https:\/\/cms.icacordoba.23sd.es\/wp-content\/uploads\/2023\/10\/formulario-ORDEN-SEPA-modificacion-datos-colegiados-2.pdf\" target=\"_blank\" rel=\"noopener\">Descargar aqu\u00ed ORDEN SEPA<\/a><\/li><\/ul><\/li><li>Alta en una mutualidad de previsi\u00f3n social o en RETA<ul><li>Aportar recibo acreditativo de haber sido dado de alta en el R\u00e9gimen de la Seguridad Social que corresponda o, en su caso, el ingreso en una mutualidad de previsi\u00f3n social alternativa al R\u00e9gimen Especial de la Seguridad Social de los Trabajadores por Cuenta Propia o Aut\u00f3nomos.<\/li><\/ul><\/li><li>Darse de Alta en el Impuesto de Actividades Econ\u00f3micas I.A.E.<ul><li>(Modelo 036\/037)<a href=\"https:\/\/sede.agenciatributaria.gob.es\/Sede\/procedimientoini\/G322.shtml\" target=\"_blank\" rel=\"noopener\"> Accede<\/a><\/li><\/ul><\/li><\/ol><\/div>\n\t\t\t\t<\/div>\n\t\t\t\t\t\t\t<div class=\"elementor-toggle-item\">\n\t\t\t\t\t<h4 id=\"elementor-tab-title-6772\" class=\"elementor-tab-title\" data-tab=\"2\" role=\"button\" aria-controls=\"elementor-tab-content-6772\" aria-expanded=\"false\">\n\t\t\t\t\t\t\t\t\t\t\t\t<span class=\"elementor-toggle-icon elementor-toggle-icon-left\" aria-hidden=\"true\">\n\t\t\t\t\t\t\t\t\t\t\t\t\t\t\t<span class=\"elementor-toggle-icon-closed\"><i class=\"fas fa-caret-right\"><\/i><\/span>\n\t\t\t\t\t\t\t\t<span class=\"elementor-toggle-icon-opened\"><i class=\"elementor-toggle-icon-opened fas fa-caret-up\"><\/i><\/span>\n\t\t\t\t\t\t\t\t\t\t\t\t\t<\/span>\n\t\t\t\t\t\t\t\t\t\t\t\t<a class=\"elementor-toggle-title\" tabindex=\"0\">Ejercientes por Cuenta Ajena - con exclusividad en empresas<\/a>\n\t\t\t\t\t<\/h4>\n\n\t\t\t\t\t<div id=\"elementor-tab-content-6772\" class=\"elementor-tab-content elementor-clearfix\" data-tab=\"2\" role=\"region\" aria-labelledby=\"elementor-tab-title-6772\"><ol><li style=\"font-size: 16px;\">Instancia solicitando la incorporaci\u00f3n, donde deben constar todos los datos personales<br \/><ul style=\"font-size: 16px;\"><li style=\"font-size: 16px;\"><a href=\"https:\/\/cms.icacordoba.23sd.es\/wp-content\/uploads\/2024\/07\/1-INSTANCIA_2024.pdf\">INSTANCIA_2024<\/a><\/li><\/ul><\/li><li>Acta de Juramento o Promesa. &#8211; <a href=\"https:\/\/cms.icacordoba.23sd.es\/wp-content\/uploads\/2024\/07\/JURA-2023.pdf\" target=\"_blank\" rel=\"noopener\">Descargar<\/a><\/li><li>Titulaci\u00f3n<ul><li>T\u00edtulo de Graduado\/a en Derecho<\/li><li>Certificado de M\u00e1ster Universitario de Acceso a la Abogac\u00eda.<\/li><li>Resguardo o T\u00edtulo Profesional de Abogado\/a<\/li><\/ul><\/li><li>Identificaci\u00f3n:<ul><li>Certificado de Nacimiento<\/li><li>Dos fotocopias de DNI<\/li><li>Dos fotograf\u00edas tama\u00f1o carnet.<\/li><li>Direcci\u00f3n profesional.\u00a0<a href=\"https:\/\/cms.icacordoba.23sd.es\/wp-content\/uploads\/2024\/05\/tmw-DIRECCION-3.pdf\" target=\"_blank\" rel=\"noopener\">Descarga<\/a><\/li><\/ul><\/li><li>Certificaci\u00f3n de nueva incorporaci\u00f3n.<ol><li><a href=\"https:\/\/cms.icacordoba.23sd.es\/wp-content\/uploads\/2025\/07\/2025.01_NI-Solicitud_Certificado_EJERCIENTE-Primera-Colegiacion.pdf\" target=\"_blank\" rel=\"noopener\">2025.01_NI &#8211; Solicitud_Certificado_EJERCIENTE (Primera Colegiaci\u00f3n)<\/a><\/li><li>Precio: 165,95 \u20ac (IVA incluido) que se ingresar\u00e1 en la cuenta ES06- 0030-4001-99-0003627271<\/li><\/ol><\/li><li>Certificado de Antecedentes Penales<ul><li>Puede solicitarlo v\u00eda web <a href=\"https:\/\/sede.mjusticia.gob.es\/es\/tramites\/certificado-antecedentes\" target=\"_blank\" rel=\"noopener\">aqu\u00ed<\/a><\/li><\/ul><\/li><li>\u00a0Cuota de Incorporaci\u00f3n.<ul><li>Adjuntar Justificante de ingreso de la <strong>Cuota de Incorporaci\u00f3n &#8211; 375,00 \u20ac<\/strong><\/li><li>Puede realizarse de dos maneras:<ul><li>Formalizar\u00a0el pago a trav\u00e9s de la pasarela de pago del Colegio de manera inmediata:<\/li><li>Realizar ingreso en la cuenta ES06- 0030-4001-99-0003627271\u00a0<\/li><\/ul><\/li><\/ul><\/li><li>Domiciliaci\u00f3n bancaria<ul><li>Adjuntar <strong>documento acreditativo de la titularidad de la cuenta bancaria<\/strong><\/li><li>Adjuntar Domiciliaci\u00f3n Bancaria. <a href=\"https:\/\/cms.icacordoba.23sd.es\/wp-content\/uploads\/2023\/10\/formulario-ORDEN-SEPA-modificacion-datos-colegiados-2.pdf\" target=\"_blank\" rel=\"noopener\">Descargar aqu\u00ed <strong>ORDEN SEPA<\/strong><\/a><\/li><\/ul><\/li><li>Datos de la empresa.<ul><li>Aportar <b>declaraci\u00f3n jurada<\/b> haciendo constar la empresa u organismo\u00a0para el que ejercer\u00e1s exclusivamente por cuenta ajena, mediante relaci\u00f3n laboral, comprometi\u00e9ndote a no realizar actuaci\u00f3n profesional alguna por cuenta propia.<\/li><li>Aportar <b>contrato como profesional de la Abogac\u00eda con dedicaci\u00f3n exclusiva<\/b>. En dicha certificaci\u00f3n se debe hacer constar el n\u00famero de afiliaci\u00f3n al r\u00e9gimen General de la Seguridad Social.<\/li><\/ul><\/li><li>Informaci\u00f3n de inter\u00e9s.<ul><li>Si vas a trabajar por cuenta ajena en otro despacho o en una empresa, mediante una relaci\u00f3n laboral, no tienes obligaci\u00f3n de afiliaci\u00f3n\/alta en el RETA, ni inscripci\u00f3n en una mutualidad de previsi\u00f3n social alternativa al R\u00e9gimen Especial de la Seguridad Social de los Trabajadores por Cuenta Propia o Aut\u00f3nomos. No obstante, con car\u00e1cter voluntario podr\u00e1s inscribirte en cualquier mutualidad de previsi\u00f3n social, dado que sus pensiones son compatibles y no concurrentes con las del sector p\u00fablico.\u00a0En el caso de que posteriormente pasen a ejercer por cuenta propia, en ese momento necesariamente, tendr\u00e1n que optar entre el RETA o alternativamente en una mutualidad de previsi\u00f3n social alternativa al R\u00e9gimen Especial de la Seguridad Social de los Trabajadores por Cuenta Propia o Aut\u00f3nomos.<\/li><\/ul><\/li><\/ol><\/div>\n\t\t\t\t<\/div>\n\t\t\t\t\t\t\t<div class=\"elementor-toggle-item\">\n\t\t\t\t\t<h4 id=\"elementor-tab-title-6773\" class=\"elementor-tab-title\" data-tab=\"3\" role=\"button\" aria-controls=\"elementor-tab-content-6773\" aria-expanded=\"false\">\n\t\t\t\t\t\t\t\t\t\t\t\t<span class=\"elementor-toggle-icon elementor-toggle-icon-left\" aria-hidden=\"true\">\n\t\t\t\t\t\t\t\t\t\t\t\t\t\t\t<span class=\"elementor-toggle-icon-closed\"><i class=\"fas fa-caret-right\"><\/i><\/span>\n\t\t\t\t\t\t\t\t<span class=\"elementor-toggle-icon-opened\"><i class=\"elementor-toggle-icon-opened fas fa-caret-up\"><\/i><\/span>\n\t\t\t\t\t\t\t\t\t\t\t\t\t<\/span>\n\t\t\t\t\t\t\t\t\t\t\t\t<a class=\"elementor-toggle-title\" tabindex=\"0\">No Ejercientes<\/a>\n\t\t\t\t\t<\/h4>\n\n\t\t\t\t\t<div id=\"elementor-tab-content-6773\" class=\"elementor-tab-content elementor-clearfix\" data-tab=\"3\" role=\"region\" aria-labelledby=\"elementor-tab-title-6773\"><ol><li style=\"font-size: 16px;\">Instancia solicitando la incorporaci\u00f3n, donde deben constar todos los datos personales<br \/><ul style=\"font-size: 16px;\"><li style=\"font-size: 16px;\"><a href=\"https:\/\/cms.icacordoba.23sd.es\/wp-content\/uploads\/2024\/07\/1-INSTANCIA_2024.pdf\" target=\"_blank\" rel=\"noopener\">INSTANCIA_2024<\/a><\/li><\/ul><\/li><li>Titulaci\u00f3n<ul><li>T\u00edtulo de Graduado\/a en Derecho<\/li><li>Certificado de M\u00e1ster Universitario de Acceso a la Abogac\u00eda.<\/li><li>Resguardo o T\u00edtulo Profesional de Abogado\/a.<\/li><\/ul><\/li><li>\u00a0Identificaci\u00f3n:<ul><li>Certificado de Nacimiento<\/li><li>Dos fotocopias de DNI<\/li><li>Dos fotograf\u00edas tama\u00f1o carnet.<\/li><li>Domicilio profesional. &#8211;\u00a0<a href=\"https:\/\/cms.icacordoba.23sd.es\/wp-content\/uploads\/2024\/05\/tmw-DIRECCION-3.pdf\" target=\"_blank\" rel=\"noopener\">Descarga<\/a><\/li><\/ul><\/li><li>Certificaci\u00f3n de nueva incorporaci\u00f3n.<ol><li><a href=\"https:\/\/cms.icacordoba.23sd.es\/wp-content\/uploads\/2025\/07\/2025.01_NE-Solicitud_Certificado_NO-EJERCIENTE-Primera-Colegiacion.pdf\" target=\"_blank\" rel=\"noopener\">2025.01_NE &#8211; Solicitud_Certificado_NO EJERCIENTE (Primera Colegiaci\u00f3n)<\/a><\/li><li>Precio: 101,58\u20ac \u20ac (IVA incluido) que se ingresar\u00e1 en la cuenta ES06- 0030-4001-99-0003627271<\/li><\/ol><\/li><li>Certificado de Antecedentes Penales<ul><li>Puede solicitarlo v\u00eda web <a href=\"https:\/\/sede.mjusticia.gob.es\/es\/tramites\/certificado-antecedentes\" target=\"_blank\" rel=\"noopener\">aqu\u00ed<\/a><\/li><\/ul><\/li><li>\u00a0Cuota de Incorporaci\u00f3n.<ul><li>Adjuntar Justificante de ingreso de la <strong>Cuota de Incorporaci\u00f3n &#8211; 375,00 \u20ac<\/strong><\/li><li>Puede realizarse de dos maneras:<ul><li><span style=\"background-color: transparent; color: var( --e-global-color-text ); font-family: var( --e-global-typography-text-font-family ); font-weight: var( --e-global-typography-text-font-weight );\">Realizar ingreso en la cuenta ES06- 0030-4001-99-0003627271\u00a0<\/span><\/li><\/ul><\/li><\/ul><\/li><li>Domiciliaci\u00f3n bancaria<ul><li>Adjuntar <strong>documento acreditativo de la titularidad de la cuenta bancaria.<\/strong><\/li><li>Adjuntar Domiciliaci\u00f3n Bancaria. <a href=\"https:\/\/cms.icacordoba.23sd.es\/wp-content\/uploads\/2023\/10\/formulario-ORDEN-SEPA-modificacion-datos-colegiados-2.pdf\" target=\"_blank\" rel=\"noopener\">Descargar aqu\u00ed <strong>ORDEN SEPA<\/strong><\/a><\/li><\/ul><\/li><li>Informaci\u00f3n de Inter\u00e9s.<ul><li>Los colegiados no ejercientes no tendr\u00e1n obligaci\u00f3n de figurar en el RETA ni de inscribirse en una mutualidad de previsi\u00f3n social alternativa, pudiendo pertenecer con car\u00e1cter voluntario, dado que sus pensiones son compatibles y no concurrentes con cualesquiera otras.\u00a0<\/li><li>En el caso de que posteriormente pasen a ejercer la profesi\u00f3n por cuenta propia, en ese momento necesariamente tendr\u00e1n que optar entre el R\u00e9gimen de la Seguridad Social que corresponda o, en su caso, el ingreso en una mutualidad de previsi\u00f3n social alternativa al R\u00e9gimen Especial de la Seguridad Social de los Trabajadores por Cuenta Propia o Aut\u00f3nomos.<\/li><\/ul><\/li><\/ol><\/div>\n\t\t\t\t<\/div>\n\t\t\t\t\t\t\t\t<\/div>\n\t\t\t\t\t\t<\/div>\n\t\t\t\t<\/div>\n\t\t\t\t\t<\/div>\n\t\t<\/div>\n\t\t\t\t\t<\/div>\n\t\t<\/section>\n\t\t\t\t<section class=\"elementor-section elementor-top-section elementor-element elementor-element-db55e50 elementor-section-full_width elementor-section-height-default elementor-section-height-default\" data-id=\"db55e50\" data-element_type=\"section\" data-e-type=\"section\">\n\t\t\t\t\t\t<div class=\"elementor-container elementor-column-gap-wide\">\n\t\t\t\t\t<div class=\"elementor-column elementor-col-100 elementor-top-column elementor-element elementor-element-30a41a8\" data-id=\"30a41a8\" data-element_type=\"column\" data-e-type=\"column\">\n\t\t\t<div class=\"elementor-widget-wrap elementor-element-populated\">\n\t\t\t\t\t\t<div class=\"elementor-element elementor-element-68ef681 elementor-widget elementor-widget-heading\" data-id=\"68ef681\" data-element_type=\"widget\" data-e-type=\"widget\" data-widget_type=\"heading.default\">\n\t\t\t\t<div class=\"elementor-widget-container\">\n\t\t\t\t\t<h4 class=\"elementor-heading-title elementor-size-default\">Cuotas<\/h4>\t\t\t\t<\/div>\n\t\t\t\t<\/div>\n\t\t\t\t\t<\/div>\n\t\t<\/div>\n\t\t\t\t\t<\/div>\n\t\t<\/section>\n\t\t\t\t<section class=\"elementor-section elementor-top-section elementor-element elementor-element-b5562b5 elementor-section-full_width elementor-section-height-default elementor-section-height-default\" data-id=\"b5562b5\" data-element_type=\"section\" data-e-type=\"section\">\n\t\t\t\t\t\t<div class=\"elementor-container elementor-column-gap-wider\">\n\t\t\t\t\t<div class=\"elementor-column elementor-col-50 elementor-top-column elementor-element elementor-element-6f0d6a5\" data-id=\"6f0d6a5\" data-element_type=\"column\" data-e-type=\"column\">\n\t\t\t<div class=\"elementor-widget-wrap elementor-element-populated\">\n\t\t\t\t\t\t<div class=\"elementor-element elementor-element-33063b3 elementor-widget elementor-widget-heading\" data-id=\"33063b3\" data-element_type=\"widget\" data-e-type=\"widget\" data-widget_type=\"heading.default\">\n\t\t\t\t<div class=\"elementor-widget-container\">\n\t\t\t\t\t<h5 class=\"elementor-heading-title elementor-size-default\"><font style=\"vertical-align: inherit\"><font style=\"vertical-align: inherit\"><font style=\"vertical-align: inherit\"><font style=\"vertical-align: inherit\"><font style=\"vertical-align: inherit\"><font style=\"vertical-align: inherit\">Incorporaci\u00f3n como EJERCIENTE<\/font><\/font><\/font><\/font><\/font><\/font><font style=\"vertical-align: inherit\"><font style=\"vertical-align: inherit\"><\/font><\/font><font style=\"vertical-align: inherit\"><font style=\"vertical-align: inherit\"><\/font><\/font><\/h5>\t\t\t\t<\/div>\n\t\t\t\t<\/div>\n\t\t\t\t<div class=\"elementor-element elementor-element-d4c760d elementor-widget elementor-widget-text-editor\" data-id=\"d4c760d\" data-element_type=\"widget\" data-e-type=\"widget\" data-widget_type=\"text-editor.default\">\n\t\t\t\t<div class=\"elementor-widget-container\">\n\t\t\t\t\t\t\t\t\t<p><span style=\"vertical-align: inherit;\"><span style=\"vertical-align: inherit;\"><span style=\"vertical-align: inherit;\"><span style=\"vertical-align: inherit;\"><span style=\"vertical-align: inherit;\"><span style=\"vertical-align: inherit;\"><span style=\"vertical-align: inherit;\"><span style=\"vertical-align: inherit;\"><span style=\"vertical-align: inherit;\"><span style=\"vertical-align: inherit;\"><span style=\"vertical-align: inherit;\"><span style=\"vertical-align: inherit;\"><span style=\"vertical-align: inherit;\"><span style=\"vertical-align: inherit;\"><span style=\"vertical-align: inherit;\"><span style=\"vertical-align: inherit;\"><span style=\"vertical-align: inherit;\"><span style=\"vertical-align: inherit;\"><span style=\"vertical-align: inherit;\"><span style=\"vertical-align: inherit;\"><span style=\"vertical-align: inherit;\"><span style=\"vertical-align: inherit;\">La Cuota Colegial correspondiente se girar\u00e1 en la cuenta corriente facilitada, a primeros del mes siguiente, junto con las cuotas del resto de colegiados.<\/span><\/span><\/span><\/span><\/span><\/span><\/span><\/span><\/span><\/span><\/span><\/span><\/span><\/span><\/span><\/span><\/span><\/span><\/span><\/span><\/span><\/span><\/p>\t\t\t\t\t\t\t\t<\/div>\n\t\t\t\t<\/div>\n\t\t\t\t<div class=\"elementor-element elementor-element-f37f101 elementor-widget elementor-widget-price-list\" data-id=\"f37f101\" data-element_type=\"widget\" data-e-type=\"widget\" data-widget_type=\"price-list.default\">\n\t\t\t\t<div class=\"elementor-widget-container\">\n\t\t\t\t\t\n\t\t<ul class=\"elementor-price-list\">\n\n\t\t\t\t\t\t\t\t\t<li><a class=\"elementor-price-list-item\" href=\"#\">\t\t\t\t\n\t\t\t\t<div class=\"elementor-price-list-text\">\n\t\t\t\t\t\t\t\t\t<div class=\"elementor-price-list-header\">\n\t\t\t\t\t\t\t\t\t\t\t<span class=\"elementor-price-list-title\">\n\t\t\t\t\t\t\tIncorporaci\u00f3n\t\t\t\t\t\t<\/span>\n\t\t\t\t\t\t\t\t\t\t\t\t\t\t\t\t\t\t\t\t\t\t\t\t<span class=\"elementor-price-list-price\">375,00 \u20ac<\/span>\n\t\t\t\t\t\t\t\t\t\t<\/div>\n\t\t\t\t\t\t\t\t\t\t\t\t<\/div>\n\t\t\t\t<\/a><\/li>\t\t\t\t\t\t\t\t\t\t\t\t<li><a class=\"elementor-price-list-item\" href=\"#\">\t\t\t\t\n\t\t\t\t<div class=\"elementor-price-list-text\">\n\t\t\t\t\t\t\t\t\t<div class=\"elementor-price-list-header\">\n\t\t\t\t\t\t\t\t\t\t\t<span class=\"elementor-price-list-title\">\n\t\t\t\t\t\t\tCertificado CGAE - Ejerciente\t\t\t\t\t\t<\/span>\n\t\t\t\t\t\t\t\t\t\t\t\t\t\t\t\t\t\t\t\t\t\t\t\t<span class=\"elementor-price-list-price\">165,95 \u20ac<\/span>\n\t\t\t\t\t\t\t\t\t\t<\/div>\n\t\t\t\t\t\t\t\t\t\t\t\t\t\t\t<p class=\"elementor-price-list-description\">\n\t\t\t\t\t\t\tEmitido por el Consejo General de la Abogac\u00eda Espa\u00f1ola\t\t\t\t\t\t<\/p>\n\t\t\t\t\t\t\t\t<\/div>\n\t\t\t\t<\/a><\/li>\t\t\t\t\t\t\t\t\t\t\t\t<li><a class=\"elementor-price-list-item\" href=\"#\">\t\t\t\t\n\t\t\t\t<div class=\"elementor-price-list-text\">\n\t\t\t\t\t\t\t\t\t<div class=\"elementor-price-list-header\">\n\t\t\t\t\t\t\t\t\t\t\t<span class=\"elementor-price-list-title\">\n\t\t\t\t\t\t\tCuota - Ejerciente Residente\t\t\t\t\t\t<\/span>\n\t\t\t\t\t\t\t\t\t\t\t\t\t\t\t\t\t\t\t\t\t\t\t\t<span class=\"elementor-price-list-price\">41,10 \u20ac<\/span>\n\t\t\t\t\t\t\t\t\t\t<\/div>\n\t\t\t\t\t\t\t\t\t\t\t\t\t\t\t<p class=\"elementor-price-list-description\">\n\t\t\t\t\t\t\tMensual. Se gira a 1\u00ba del mes siguiente a la colegiaci\u00f3n\t\t\t\t\t\t<\/p>\n\t\t\t\t\t\t\t\t<\/div>\n\t\t\t\t<\/a><\/li>\t\t\t\t\t\t\t\t\t\t\t\t<li><a class=\"elementor-price-list-item\" href=\"#\">\t\t\t\t\n\t\t\t\t<div class=\"elementor-price-list-text\">\n\t\t\t\t\t\t\t\t\t<div class=\"elementor-price-list-header\">\n\t\t\t\t\t\t\t\t\t\t\t<span class=\"elementor-price-list-title\">\n\t\t\t\t\t\t\tCuota Ejerciente NO Residente\t\t\t\t\t\t<\/span>\n\t\t\t\t\t\t\t\t\t\t\t\t\t\t\t\t\t\t\t\t\t\t\t\t<span class=\"elementor-price-list-price\">30,83 \u20ac<\/span>\n\t\t\t\t\t\t\t\t\t\t<\/div>\n\t\t\t\t\t\t\t\t\t\t\t\t\t\t\t<p class=\"elementor-price-list-description\">\n\t\t\t\t\t\t\tMensual. Se gira a 1\u00ba del mes siguiente a la colegiaci\u00f3n\t\t\t\t\t\t<\/p>\n\t\t\t\t\t\t\t\t<\/div>\n\t\t\t\t<\/a><\/li>\t\t\t\t\t\n\t\t<\/ul>\n\n\t\t\t\t\t\t<\/div>\n\t\t\t\t<\/div>\n\t\t\t\t\t<\/div>\n\t\t<\/div>\n\t\t\t\t<div class=\"elementor-column elementor-col-50 elementor-top-column elementor-element elementor-element-93d82a6\" data-id=\"93d82a6\" data-element_type=\"column\" data-e-type=\"column\">\n\t\t\t<div class=\"elementor-widget-wrap elementor-element-populated\">\n\t\t\t\t\t\t<div class=\"elementor-element elementor-element-994d24e elementor-widget elementor-widget-heading\" data-id=\"994d24e\" data-element_type=\"widget\" data-e-type=\"widget\" data-widget_type=\"heading.default\">\n\t\t\t\t<div class=\"elementor-widget-container\">\n\t\t\t\t\t<h5 class=\"elementor-heading-title elementor-size-default\"><font style=\"vertical-align: inherit\"><font style=\"vertical-align: inherit\"><font style=\"vertical-align: inherit\"><font style=\"vertical-align: inherit\"><font style=\"vertical-align: inherit\"><font style=\"vertical-align: inherit\">Incorporaci\u00f3n como NO EJERCIENTE<\/font><\/font><\/font><\/font><\/font><\/font><\/h5>\t\t\t\t<\/div>\n\t\t\t\t<\/div>\n\t\t\t\t<div class=\"elementor-element elementor-element-3d7b78a elementor-widget elementor-widget-text-editor\" data-id=\"3d7b78a\" data-element_type=\"widget\" data-e-type=\"widget\" data-widget_type=\"text-editor.default\">\n\t\t\t\t<div class=\"elementor-widget-container\">\n\t\t\t\t\t\t\t\t\t<p><span style=\"vertical-align: inherit;\"><span style=\"vertical-align: inherit;\"><span style=\"vertical-align: inherit;\"><span style=\"vertical-align: inherit;\"><span style=\"vertical-align: inherit;\"><span style=\"vertical-align: inherit;\"><span style=\"vertical-align: inherit;\"><span style=\"vertical-align: inherit;\"><span style=\"vertical-align: inherit;\"><span style=\"vertical-align: inherit;\"><span style=\"vertical-align: inherit;\"><span style=\"vertical-align: inherit;\"><span style=\"vertical-align: inherit;\"><span style=\"vertical-align: inherit;\"><span style=\"vertical-align: inherit;\"><span style=\"vertical-align: inherit;\"><span style=\"vertical-align: inherit;\"><span style=\"vertical-align: inherit;\"><span style=\"vertical-align: inherit;\"><span style=\"vertical-align: inherit;\"><span style=\"vertical-align: inherit;\"><span style=\"vertical-align: inherit;\">La Cuota Colegial correspondiente se girar\u00e1 en la cuenta corriente facilitada, a primeros del mes siguiente, junto con las cuotas del resto de colegiados.<\/span><\/span><\/span><\/span><\/span><\/span><\/span><\/span><\/span><\/span><\/span><\/span><\/span><\/span><\/span><\/span><\/span><\/span><\/span><\/span><\/span><\/span><\/p>\t\t\t\t\t\t\t\t<\/div>\n\t\t\t\t<\/div>\n\t\t\t\t<div class=\"elementor-element elementor-element-42ffc2d elementor-widget elementor-widget-price-list\" data-id=\"42ffc2d\" data-element_type=\"widget\" data-e-type=\"widget\" data-widget_type=\"price-list.default\">\n\t\t\t\t<div class=\"elementor-widget-container\">\n\t\t\t\t\t\n\t\t<ul class=\"elementor-price-list\">\n\n\t\t\t\t\t\t\t\t\t<li><a class=\"elementor-price-list-item\" href=\"#\">\t\t\t\t\n\t\t\t\t<div class=\"elementor-price-list-text\">\n\t\t\t\t\t\t\t\t\t<div class=\"elementor-price-list-header\">\n\t\t\t\t\t\t\t\t\t\t\t<span class=\"elementor-price-list-title\">\n\t\t\t\t\t\t\tCuota Incorporaci\u00f3n\t\t\t\t\t\t<\/span>\n\t\t\t\t\t\t\t\t\t\t\t\t\t\t\t\t\t\t\t\t\t\t\t\t<span class=\"elementor-price-list-price\">375,00 \u20ac<\/span>\n\t\t\t\t\t\t\t\t\t\t<\/div>\n\t\t\t\t\t\t\t\t\t\t\t\t<\/div>\n\t\t\t\t<\/a><\/li>\t\t\t\t\t\t\t\t\t\t\t\t<li><a class=\"elementor-price-list-item\" href=\"#\">\t\t\t\t\n\t\t\t\t<div class=\"elementor-price-list-text\">\n\t\t\t\t\t\t\t\t\t<div class=\"elementor-price-list-header\">\n\t\t\t\t\t\t\t\t\t\t\t<span class=\"elementor-price-list-title\">\n\t\t\t\t\t\t\tCertificado CGAE - No Ejerciente\t\t\t\t\t\t<\/span>\n\t\t\t\t\t\t\t\t\t\t\t\t\t\t\t\t\t\t\t\t\t\t\t\t<span class=\"elementor-price-list-price\">101,58 \u20ac<\/span>\n\t\t\t\t\t\t\t\t\t\t<\/div>\n\t\t\t\t\t\t\t\t\t\t\t\t\t\t\t<p class=\"elementor-price-list-description\">\n\t\t\t\t\t\t\tEmitido por el Consejo General de la Abogac\u00eda Espa\u00f1ola\t\t\t\t\t\t<\/p>\n\t\t\t\t\t\t\t\t<\/div>\n\t\t\t\t<\/a><\/li>\t\t\t\t\t\t\t\t\t\t\t\t<li><a class=\"elementor-price-list-item\" href=\"#\">\t\t\t\t\n\t\t\t\t<div class=\"elementor-price-list-text\">\n\t\t\t\t\t\t\t\t\t<div class=\"elementor-price-list-header\">\n\t\t\t\t\t\t\t\t\t\t\t<span class=\"elementor-price-list-title\">\n\t\t\t\t\t\t\tCuota Mensual - No Ejerciente - No Residente \t\t\t\t\t\t<\/span>\n\t\t\t\t\t\t\t\t\t\t\t\t\t\t\t\t\t\t\t\t\t\t\t\t<span class=\"elementor-price-list-price\">22,60 \u20ac<\/span>\n\t\t\t\t\t\t\t\t\t\t<\/div>\n\t\t\t\t\t\t\t\t\t\t\t\t\t\t\t<p class=\"elementor-price-list-description\">\n\t\t\t\t\t\t\tSe gira a 1\u00ba del mes siguiente a la colegiaci\u00f3n\t\t\t\t\t\t<\/p>\n\t\t\t\t\t\t\t\t<\/div>\n\t\t\t\t<\/a><\/li>\t\t\t\t\t\n\t\t<\/ul>\n\n\t\t\t\t\t\t<\/div>\n\t\t\t\t<\/div>\n\t\t\t\t\t<\/div>\n\t\t<\/div>\n\t\t\t\t\t<\/div>\n\t\t<\/section>\n\t\t\t\t<section class=\"elementor-section elementor-top-section elementor-element elementor-element-1331d55 elementor-section-full_width elementor-section-height-default elementor-section-height-default\" data-id=\"1331d55\" data-element_type=\"section\" data-e-type=\"section\">\n\t\t\t\t\t\t<div class=\"elementor-container elementor-column-gap-default\">\n\t\t\t\t\t<div class=\"elementor-column elementor-col-100 elementor-top-column elementor-element elementor-element-cef2f62\" data-id=\"cef2f62\" data-element_type=\"column\" data-e-type=\"column\">\n\t\t\t<div class=\"elementor-widget-wrap elementor-element-populated\">\n\t\t\t\t\t\t<div class=\"elementor-element elementor-element-596712e elementor-widget-divider--view-line elementor-widget elementor-widget-divider\" data-id=\"596712e\" data-element_type=\"widget\" data-e-type=\"widget\" data-widget_type=\"divider.default\">\n\t\t\t\t<div class=\"elementor-widget-container\">\n\t\t\t\t\t\t\t<div class=\"elementor-divider\">\n\t\t\t<span class=\"elementor-divider-separator\">\n\t\t\t\t\t\t<\/span>\n\t\t<\/div>\n\t\t\t\t\t\t<\/div>\n\t\t\t\t<\/div>\n\t\t\t\t\t<\/div>\n\t\t<\/div>\n\t\t\t\t\t<\/div>\n\t\t<\/section>\n\t\t\t\t<\/div>\n\t\t","protected":false},"excerpt":{"rendered":"<p>Ejerciente \/ No ejerciente Requisitos Art\u00edculo 11 &#8211; Estatutos del Colegio de la Abogac\u00eda de C\u00f3rdoba. Poseer el t\u00edtulo oficial que habilite para el ejercicio de la Abogac\u00eda, salvo las excepciones establecidas en normas con rango de ley; y acreditar el conocimiento de la lengua castellana. Haber satisfecho la cuota de ingreso y los dem\u00e1s [&hellip;]<\/p>\n","protected":false},"author":1,"featured_media":0,"comment_status":"open","ping_status":"open","sticky":false,"template":"","format":"standard","meta":{"footnotes":""},"categories":[1],"tags":[],"class_list":["post-1247","post","type-post","status-publish","format-standard","hentry","category-uncategorized"],"_links":{"self":[{"href":"https:\/\/cms.icacordoba.23sd.es\/index.php\/wp-json\/wp\/v2\/posts\/1247","targetHints":{"allow":["GET"]}}],"collection":[{"href":"https:\/\/cms.icacordoba.23sd.es\/index.php\/wp-json\/wp\/v2\/posts"}],"about":[{"href":"https:\/\/cms.icacordoba.23sd.es\/index.php\/wp-json\/wp\/v2\/types\/post"}],"author":[{"embeddable":true,"href":"https:\/\/cms.icacordoba.23sd.es\/index.php\/wp-json\/wp\/v2\/users\/1"}],"replies":[{"embeddable":true,"href":"https:\/\/cms.icacordoba.23sd.es\/index.php\/wp-json\/wp\/v2\/comments?post=1247"}],"version-history":[{"count":312,"href":"https:\/\/cms.icacordoba.23sd.es\/index.php\/wp-json\/wp\/v2\/posts\/1247\/revisions"}],"predecessor-version":[{"id":16601,"href":"https:\/\/cms.icacordoba.23sd.es\/index.php\/wp-json\/wp\/v2\/posts\/1247\/revisions\/16601"}],"wp:attachment":[{"href":"https:\/\/cms.icacordoba.23sd.es\/index.php\/wp-json\/wp\/v2\/media?parent=1247"}],"wp:term":[{"taxonomy":"category","embeddable":true,"href":"https:\/\/cms.icacordoba.23sd.es\/index.php\/wp-json\/wp\/v2\/categories?post=1247"},{"taxonomy":"post_tag","embeddable":true,"href":"https:\/\/cms.icacordoba.23sd.es\/index.php\/wp-json\/wp\/v2\/tags?post=1247"}],"curies":[{"name":"wp","href":"https:\/\/api.w.org\/{rel}","templated":true}]}}